{"id":2401,"date":"2020-05-20T03:00:00","date_gmt":"2020-05-20T06:00:00","guid":{"rendered":"http:\/\/vocesdebaires.com.ar\/wordpress\/index.php\/2020\/05\/20\/adultos-mayores-se-vacuno-de-la-gripe-242-000\/"},"modified":"2020-05-20T03:00:00","modified_gmt":"2020-05-20T06:00:00","slug":"adultos-mayores-se-vacuno-de-la-gripe-242-000","status":"publish","type":"post","link":"https:\/\/vocesdebaires.com.ar\/index.php\/2020\/05\/20\/adultos-mayores-se-vacuno-de-la-gripe-242-000\/","title":{"rendered":"Adultos mayores: Se vacun\u00f3 de la gripe  242.000"},"content":{"rendered":"<p>El Ministerio de Salud de la Ciudad vacun\u00f3 a 242.000 personas contra la gripe (cepa 2020) mediante el plan de vacunaci\u00f3n para personas mayores de 65 a\u00f1os y otros grupos de riesgo. Este viernes concurrieron a los vacunatorios unas 4.000 personas. El plan continuar\u00e1 este martes con aquellas personas cuyo DNI termina en 7 y pertenezcan a los siguientes grupos de riesgo: Mayores de 65 a\u00f1os. Embarazadas en cualquier trimestre de la gestaci\u00f3n. Pu\u00e9rperas hasta el d\u00e9cimo d\u00eda post parto.<\/p>\n<p>Personas entre 7 y 64 a\u00f1os que tengan alg\u00fan factor de riesgo como enfermedades respiratorias, enfermedades card\u00edacas; inmunodeficiencias; trasplantados; c\u00e1ncer, diabetes; obesidad; di\u00e1lisis; retrasos madurativos en menores de 18 a\u00f1os; malformaciones graves; s\u00edndromes gen\u00e9ticos; o quienes convivan con beb\u00e9s prematuros menores a 1500 gramos. Las personas de los \u00faltimos tres grupos deber\u00e1n presentar una orden m\u00e9dica de vacunaci\u00f3n o en su defecto una prescripci\u00f3n o evidencia f\u00edsica que acredite el factor de riesgo.<\/p>\n<p>A diferencia de otros a\u00f1os, esta vez las vacunas se administran en 82 puntos, con cuatro vacunatorios cada uno, ubicados en: 48 escuelas, 17 iglesias, 10 centros culturales y 7 centros de d\u00eda; y distribuidos en todas las Comunas de la Ciudad. Se dise\u00f1\u00f3 un sistema descentralizado que permite que los adultos mayores tengan un vacunatorio lo m\u00e1s cerca posible de su casa. De esta manera se evita que los integrantes del principal grupo de riesgo deban recurrir a los hospitales y centros de salud.La convocatoria se hace seg\u00fan el \u00faltimo n\u00famero de DNI para dividir y clasificar la atenci\u00f3n a los adultos mayores. Esto busca que los adultos mayores tengan que hacer las m\u00ednimas filas posibles, si eso sucede se har\u00e1n dentro de cada centro y manteniendo la distancia preventiva entre persona y persona.<\/p>\n<p>Se pide especialmente que cada uno respete el d\u00eda que tiene estipulado para vacunarse. Dichas fechas pueden consultarse de forma r\u00e1pida en el WhatsApp de la Ciudad (1150500147), escribiendo \u201cCampa\u00f1a Antigripal\u201d. El chatbot indica seg\u00fan el \u00faltimo n\u00famero de DNI cual es la fecha correspondiente, y seg\u00fan ubicaci\u00f3n, cu\u00e1l es el punto m\u00e1s cercano. A partir de este viernes 8 de mayo, se reinicia el ciclo con los DNI terminados en 0, sin distinci\u00f3n de sexo. Trabajan en el operativo unas 1.000 personas entre enfermeros, vacunadores, personal administrativo, de log\u00edstica, de asistencia y de seguridad. El horario de vacunaci\u00f3n es de 9 a 15 hs. El cronograma de vacunaci\u00f3n sigue de la siguiente manera:<\/p>\n<p>Mi\u00e9rcoles 20 de mayo, DNI terminado en 8.<br \/>Jueves 21 de mayo, DNI terminado en 9.<br \/>Es muy importante que los adultos mayores se vacunen contra la gripe porque si bien la vacuna no sirve para el covid19 la gripe tambi\u00e9n puede poner en riesgo la salud.Los menores de 65 a\u00f1os que est\u00e9n en otros grupos de riesgo o que por orden m\u00e9dica deban vacunarse contra la gripe estar\u00e1n incluidos en el cronograma de turnos. No habr\u00e1 vacunaci\u00f3n antigripal para adultos mayores en los hospitales porte\u00f1os ni en los CESAC porque est\u00e1n trabajando con la pandemia de coronavirus.En cuanto a los afiliados al PAMI, tienen su esquema y lugares de vacunaci\u00f3n definido y pueden chequearlo en: <a href=\"http:\/\/www.pami.org.ar\/vacunaci\u00f3n\">www.pami.org.ar\/vacunaci\u00f3n<\/a> .Para m\u00e1s informaci\u00f3n sobre el punto de vacunaci\u00f3n m\u00e1s cercano del plan del Gobierno de la Ciudad de Buenos Aires pueden consultar al 147 o en la web: <a href=\"http:\/\/www.buenosaires.gob.ar\">www.buenosaires.gob.ar<\/a><\/p>\n","protected":false},"excerpt":{"rendered":"<p>El Ministerio de Salud de la Ciudad vacun\u00f3 a 242.000 personas contra la gripe (cepa 2020) mediante el plan de vacunaci\u00f3n para personas mayores de 65 a\u00f1os y otros grupos de riesgo. Este viernes concurrieron a los vacunatorios unas 4.000 personas. El plan continuar\u00e1 este martes con aquellas personas cuyo DNI termina en 7 y [&hellip;]<\/p>\n","protected":false},"author":1,"featured_media":2291,"comment_status":"open","ping_status":"open","sticky":false,"template":"","format":"standard","meta":{"_et_pb_use_builder":"","_et_pb_old_content":"","_et_gb_content_width":"","footnotes":""},"categories":[11,33],"tags":[],"class_list":["post-2401","post","type-post","status-publish","format-standard","has-post-thumbnail","hentry","category-ciudad","category-sociedad-y-cultura-2"],"_links":{"self":[{"href":"https:\/\/vocesdebaires.com.ar\/index.php\/wp-json\/wp\/v2\/posts\/2401"}],"collection":[{"href":"https:\/\/vocesdebaires.com.ar\/index.php\/wp-json\/wp\/v2\/posts"}],"about":[{"href":"https:\/\/vocesdebaires.com.ar\/index.php\/wp-json\/wp\/v2\/types\/post"}],"author":[{"embeddable":true,"href":"https:\/\/vocesdebaires.com.ar\/index.php\/wp-json\/wp\/v2\/users\/1"}],"replies":[{"embeddable":true,"href":"https:\/\/vocesdebaires.com.ar\/index.php\/wp-json\/wp\/v2\/comments?post=2401"}],"version-history":[{"count":0,"href":"https:\/\/vocesdebaires.com.ar\/index.php\/wp-json\/wp\/v2\/posts\/2401\/revisions"}],"wp:featuredmedia":[{"embeddable":true,"href":"https:\/\/vocesdebaires.com.ar\/index.php\/wp-json\/wp\/v2\/media\/2291"}],"wp:attachment":[{"href":"https:\/\/vocesdebaires.com.ar\/index.php\/wp-json\/wp\/v2\/media?parent=2401"}],"wp:term":[{"taxonomy":"category","embeddable":true,"href":"https:\/\/vocesdebaires.com.ar\/index.php\/wp-json\/wp\/v2\/categories?post=2401"},{"taxonomy":"post_tag","embeddable":true,"href":"https:\/\/vocesdebaires.com.ar\/index.php\/wp-json\/wp\/v2\/tags?post=2401"}],"curies":[{"name":"wp","href":"https:\/\/api.w.org\/{rel}","templated":true}]}}