{"id":24010,"date":"2014-07-22T13:01:50","date_gmt":"2014-07-22T16:01:50","guid":{"rendered":"http:\/\/vocesdebaires.com.ar\/wordpress\/index.php\/2014\/07\/22\/macri-vamos-a-mejorar-la-calidad-del-espacio-publico\/"},"modified":"2014-07-22T13:01:50","modified_gmt":"2014-07-22T16:01:50","slug":"macri-vamos-a-mejorar-la-calidad-del-espacio-publico","status":"publish","type":"post","link":"https:\/\/vocesdebaires.com.ar\/index.php\/2014\/07\/22\/macri-vamos-a-mejorar-la-calidad-del-espacio-publico\/","title":{"rendered":"Macri: \u201cVamos a mejorar la calidad del espacio p\u00fablico\u201d"},"content":{"rendered":"<p><span style=\"line-height: 1.3em;\">El jefe de Gobierno porte\u00f1o, Mauricio Macri, \u00a0ratific\u00f3 el compromiso de seguir trabajando \u201cpara mejorar la calidad del espacio p\u00fablico\u201d y destac\u00f3 el valor del comercio \u201ccomo actividad que fortalece y dinamiza la vida de la Ciudad\u201d.<\/span><span style=\"line-height: 1.3em;\">\u201cSeguiremos \u00a0poniendo mucho \u00e9nfasis en mejorar la calidad del espacio p\u00fablico, como lo hemos venido haciendo en estos casi siete a\u00f1os, no solo en su infraestructura, sino tambi\u00e9n con propuestas culturales y deportivas y transformando parques y plazas en puntos de encuentro para la gente\u201d, afirm\u00f3.<\/span><\/p>\n<p><span style=\"line-height: 1.3em;\">Macri habl\u00f3 este mediod\u00eda durante un almuerzo al que asisti\u00f3 invitado por la Asociaci\u00f3n de Amigos de la Calle Corrientes con motivo de la celebraci\u00f3n del D\u00eda del Amigo y que reuni\u00f3 en el local del espacio Tango Porte\u00f1o a diversas entidades y sectores representativos del ramo.<\/span><span style=\"line-height: 1.3em;\">El Jefe de Gobierno manifest\u00f3 el deseo de que \u201cpodamos seguir encontrando el camino para convencer a todos de ayudarnos para construir una sociedad m\u00e1s equitativa, que se basa en que nadie puede avasallar los derechos del otro, m\u00e1s all\u00e1 de la circunstancia que est\u00e9 viviendo\u201d.<\/span><\/p>\n","protected":false},"excerpt":{"rendered":"<p>El jefe de Gobierno porte\u00f1o, Mauricio Macri, \u00a0ratific\u00f3 el compromiso de seguir trabajando \u201cpara mejorar la calidad del espacio p\u00fablico\u201d y destac\u00f3 el valor del comercio \u201ccomo actividad que fortalece y dinamiza la vida de la Ciudad\u201d.\u201cSeguiremos \u00a0poniendo mucho \u00e9nfasis en mejorar la calidad del espacio p\u00fablico, como lo hemos venido haciendo en estos casi [&hellip;]<\/p>\n","protected":false},"author":2,"featured_media":24011,"comment_status":"open","ping_status":"open","sticky":false,"template":"","format":"standard","meta":{"_et_pb_use_builder":"","_et_pb_old_content":"","_et_gb_content_width":"","footnotes":""},"categories":[11,44],"tags":[],"class_list":["post-24010","post","type-post","status-publish","format-standard","has-post-thumbnail","hentry","category-ciudad","category-funcionarios-de-la-caba"],"_links":{"self":[{"href":"https:\/\/vocesdebaires.com.ar\/index.php\/wp-json\/wp\/v2\/posts\/24010"}],"collection":[{"href":"https:\/\/vocesdebaires.com.ar\/index.php\/wp-json\/wp\/v2\/posts"}],"about":[{"href":"https:\/\/vocesdebaires.com.ar\/index.php\/wp-json\/wp\/v2\/types\/post"}],"author":[{"embeddable":true,"href":"https:\/\/vocesdebaires.com.ar\/index.php\/wp-json\/wp\/v2\/users\/2"}],"replies":[{"embeddable":true,"href":"https:\/\/vocesdebaires.com.ar\/index.php\/wp-json\/wp\/v2\/comments?post=24010"}],"version-history":[{"count":0,"href":"https:\/\/vocesdebaires.com.ar\/index.php\/wp-json\/wp\/v2\/posts\/24010\/revisions"}],"wp:featuredmedia":[{"embeddable":true,"href":"https:\/\/vocesdebaires.com.ar\/index.php\/wp-json\/wp\/v2\/media\/24011"}],"wp:attachment":[{"href":"https:\/\/vocesdebaires.com.ar\/index.php\/wp-json\/wp\/v2\/media?parent=24010"}],"wp:term":[{"taxonomy":"category","embeddable":true,"href":"https:\/\/vocesdebaires.com.ar\/index.php\/wp-json\/wp\/v2\/categories?post=24010"},{"taxonomy":"post_tag","embeddable":true,"href":"https:\/\/vocesdebaires.com.ar\/index.php\/wp-json\/wp\/v2\/tags?post=24010"}],"curies":[{"name":"wp","href":"https:\/\/api.w.org\/{rel}","templated":true}]}}