{"id":2402,"date":"2020-05-20T03:00:00","date_gmt":"2020-05-20T06:00:00","guid":{"rendered":"http:\/\/vocesdebaires.com.ar\/wordpress\/index.php\/2020\/05\/20\/reunion-virtualpresidentes-de-organos-legislativos\/"},"modified":"2020-05-20T03:00:00","modified_gmt":"2020-05-20T06:00:00","slug":"reunion-virtualpresidentes-de-organos-legislativos","status":"publish","type":"post","link":"https:\/\/vocesdebaires.com.ar\/index.php\/2020\/05\/20\/reunion-virtualpresidentes-de-organos-legislativos\/","title":{"rendered":"Reuni\u00f3n virtual:Presidentes de \u00f3rganos legislativos"},"content":{"rendered":"<p>El vicepresidente de la Legislatura, Agust\u00edn Forchieri, particip\u00f3 del encuentro virtual \u201cLegislar en tiempos de Covid\u201d, con la finalidad intercambiar experiencias entre instituciones en este contexto de aislamiento social, preventivo y obligatorio. D\u00e9 la reuni\u00f3n participaron Daniel Paserinni, vice intendente de la ciudad de C\u00f3rdoba y titular de su Concejo Deliberante; Beatriz Mart\u00ednez, presidente del Concejo Deliberante de Mendoza, y Mar\u00eda Eugenia Schmuck, presidente del Concejo de Rosario.<\/p>\n<p>Se dialog\u00f3 sobre la importancia de la continuidad del trabajo de las instituciones republicanas durante la pandemia. Forchieri puso como ejemplo el trabajo implementado desde la Legislatura de la Ciudad de Buenos Aires, donde gracias al consenso generado entre todas las fuerzas pol\u00edticas se realizaron reformas reglamentarias que permitieron la continuidad del trabajo parlamentario tanto en lo referido a la labor de las comisiones como a la realizaci\u00f3n de las sesiones; lo cual permiti\u00f3 finalmente debatir y sancionar herramientas normativas para hacer frente a las consecuencias sanitarias y econ\u00f3micas del Covid-19.La nueva metodolog\u00eda de reuniones mixtas (presenciales y virtuales) posibilit\u00f3 la realizaci\u00f3n de tres sesiones y decenas de reuniones de comisiones donde funcionarios del Poder Ejecutivo pusieron en conocimiento de los diputados y diputadas las acciones llevadas adelante en el marco de la pandemia y escucharon sus aportes.<\/p>\n","protected":false},"excerpt":{"rendered":"<p>El vicepresidente de la Legislatura, Agust\u00edn Forchieri, particip\u00f3 del encuentro virtual \u201cLegislar en tiempos de Covid\u201d, con la finalidad intercambiar experiencias entre instituciones en este contexto de aislamiento social, preventivo y obligatorio. D\u00e9 la reuni\u00f3n participaron Daniel Paserinni, vice intendente de la ciudad de C\u00f3rdoba y titular de su Concejo Deliberante; Beatriz Mart\u00ednez, presidente del [&hellip;]<\/p>\n","protected":false},"author":1,"featured_media":2403,"comment_status":"open","ping_status":"open","sticky":false,"template":"","format":"standard","meta":{"_et_pb_use_builder":"","_et_pb_old_content":"","_et_gb_content_width":"","footnotes":""},"categories":[11,33],"tags":[],"class_list":["post-2402","post","type-post","status-publish","format-standard","has-post-thumbnail","hentry","category-ciudad","category-sociedad-y-cultura-2"],"_links":{"self":[{"href":"https:\/\/vocesdebaires.com.ar\/index.php\/wp-json\/wp\/v2\/posts\/2402"}],"collection":[{"href":"https:\/\/vocesdebaires.com.ar\/index.php\/wp-json\/wp\/v2\/posts"}],"about":[{"href":"https:\/\/vocesdebaires.com.ar\/index.php\/wp-json\/wp\/v2\/types\/post"}],"author":[{"embeddable":true,"href":"https:\/\/vocesdebaires.com.ar\/index.php\/wp-json\/wp\/v2\/users\/1"}],"replies":[{"embeddable":true,"href":"https:\/\/vocesdebaires.com.ar\/index.php\/wp-json\/wp\/v2\/comments?post=2402"}],"version-history":[{"count":0,"href":"https:\/\/vocesdebaires.com.ar\/index.php\/wp-json\/wp\/v2\/posts\/2402\/revisions"}],"wp:featuredmedia":[{"embeddable":true,"href":"https:\/\/vocesdebaires.com.ar\/index.php\/wp-json\/wp\/v2\/media\/2403"}],"wp:attachment":[{"href":"https:\/\/vocesdebaires.com.ar\/index.php\/wp-json\/wp\/v2\/media?parent=2402"}],"wp:term":[{"taxonomy":"category","embeddable":true,"href":"https:\/\/vocesdebaires.com.ar\/index.php\/wp-json\/wp\/v2\/categories?post=2402"},{"taxonomy":"post_tag","embeddable":true,"href":"https:\/\/vocesdebaires.com.ar\/index.php\/wp-json\/wp\/v2\/tags?post=2402"}],"curies":[{"name":"wp","href":"https:\/\/api.w.org\/{rel}","templated":true}]}}