{"id":24039,"date":"2014-07-24T13:19:03","date_gmt":"2014-07-24T16:19:03","guid":{"rendered":"http:\/\/vocesdebaires.com.ar\/wordpress\/index.php\/2014\/07\/24\/distinguen-a-escalandrum-y-a-su-fundador-daniel-piazzolla\/"},"modified":"2014-07-24T13:19:03","modified_gmt":"2014-07-24T16:19:03","slug":"distinguen-a-escalandrum-y-a-su-fundador-daniel-piazzolla","status":"publish","type":"post","link":"https:\/\/vocesdebaires.com.ar\/index.php\/2014\/07\/24\/distinguen-a-escalandrum-y-a-su-fundador-daniel-piazzolla\/","title":{"rendered":"Distinguen a Escalandrum y a su fundador, Daniel Piazzolla"},"content":{"rendered":"<p><span style=\"line-height: 1.3em;\">El diputado Hern\u00e1n Rossi (SUMA+) presidi\u00f3 el acto realizado en el Sal\u00f3n San Mart\u00edn y destac\u00f3 la figura del homenajeado: \u00abAdem\u00e1s de ser el baterista, es el l\u00edder del grupo en que hay tres saxofonistas\u00bb. Asegur\u00f3 tambi\u00e9n que \u00abinterpreta y honra a Piazzola y no le pesa porque su arte est\u00e1 a la altura de las circunstancias\u00bb, se\u00f1al\u00f3 en referencia al m\u00fasico destacado por una ley aprobada por unanimidad. <\/span><\/p>\n<p><span style=\"line-height: 1.3em;\">\u00abAgradezco este reconocimiento y el compromiso de quienes lo promovieron y hasta vinieron a nuestros ensayos\u00bb, comenz\u00f3 diciendo Pipi Piazzolla y se\u00f1al\u00f3: \u00abIntegro un grupo que tiene los pies sobre la Tierra porque trabajamos muy duro y empezamos tocando donde nos era posible, nunca quisimos perder la esencia\u00bb, y agreg\u00f3 \u00absomos parte de la movida cultural underground, aunque luego se nos abrieron otras puertas\u00bb.<\/span><span style=\"line-height: 1.3em;\">En la ceremonia, la exitosa agrupaci\u00f3n argentina de jazz ofreci\u00f3 un peque\u00f1o concierto del que pudieron disfrutar los presentes en el colmado Sal\u00f3n San Mart\u00edn, donde estuvieron familiares, amigos y seguidores de los homenajeados.<\/span><\/p>\n<p><span style=\"line-height: 1.3em;\">Multipremiado sexteto de jazz<\/span><\/p>\n<p><span style=\"line-height: 1.3em;\">Escalandrum est\u00e1 viviendo el a\u00f1o de su 15to. aniversario con m\u00faltiples actividades, y acaba de participar del Festival de Jazz de Montreal (el m\u00e1s grande del mundo en su g\u00e9nero) y se present\u00f3 recientemente en concierto junto a Elena Roger. En octubre actuar\u00e1 en el Teatro Coliseo para festejar un a\u00f1o m\u00e1s de carrera y lanzar oficialmente el disco \u201cLas cuatro estaciones porte\u00f1as\u201d, y luego viajar\u00e1n a M\u00e9xico para continuar con sus presentaciones. A lo largo de su historia, la banda toc\u00f3 en m\u00e1s de 40 pa\u00edses y cuentan con siete discos editados.<\/span><\/p>\n<p><span style=\"line-height: 1.3em;\">El grupo de jazz mantiene su formaci\u00f3n original y est\u00e1 integrada por el \u201cPipi\u201d Piazzolla en bater\u00eda, Nicol\u00e1s Guerschberg en piano, Mariano S\u00ed\u00advori en contrabajo, Gustavo Musso en saxo alto y soprano, Dami\u00e1n Fogiel en saxo tenor y Mart\u00edn Pantyrer en clarinete bajo y saxo bar\u00edtono.<\/span><\/p>\n<p><span style=\"line-height: 1.3em;\">Foto : El diputado Hern\u00e1n Rossi (SUMA+) le entreg\u00f3 el diploma de distinci\u00f3n al m\u00fasico Pipi Piazzolla<\/span><\/p>\n","protected":false},"excerpt":{"rendered":"<p>El diputado Hern\u00e1n Rossi (SUMA+) presidi\u00f3 el acto realizado en el Sal\u00f3n San Mart\u00edn y destac\u00f3 la figura del homenajeado: \u00abAdem\u00e1s de ser el baterista, es el l\u00edder del grupo en que hay tres saxofonistas\u00bb. Asegur\u00f3 tambi\u00e9n que \u00abinterpreta y honra a Piazzola y no le pesa porque su arte est\u00e1 a la altura de [&hellip;]<\/p>\n","protected":false},"author":2,"featured_media":24040,"comment_status":"open","ping_status":"open","sticky":false,"template":"","format":"standard","meta":{"_et_pb_use_builder":"","_et_pb_old_content":"","_et_gb_content_width":"","footnotes":""},"categories":[11,44],"tags":[],"class_list":["post-24039","post","type-post","status-publish","format-standard","has-post-thumbnail","hentry","category-ciudad","category-funcionarios-de-la-caba"],"_links":{"self":[{"href":"https:\/\/vocesdebaires.com.ar\/index.php\/wp-json\/wp\/v2\/posts\/24039"}],"collection":[{"href":"https:\/\/vocesdebaires.com.ar\/index.php\/wp-json\/wp\/v2\/posts"}],"about":[{"href":"https:\/\/vocesdebaires.com.ar\/index.php\/wp-json\/wp\/v2\/types\/post"}],"author":[{"embeddable":true,"href":"https:\/\/vocesdebaires.com.ar\/index.php\/wp-json\/wp\/v2\/users\/2"}],"replies":[{"embeddable":true,"href":"https:\/\/vocesdebaires.com.ar\/index.php\/wp-json\/wp\/v2\/comments?post=24039"}],"version-history":[{"count":0,"href":"https:\/\/vocesdebaires.com.ar\/index.php\/wp-json\/wp\/v2\/posts\/24039\/revisions"}],"wp:featuredmedia":[{"embeddable":true,"href":"https:\/\/vocesdebaires.com.ar\/index.php\/wp-json\/wp\/v2\/media\/24040"}],"wp:attachment":[{"href":"https:\/\/vocesdebaires.com.ar\/index.php\/wp-json\/wp\/v2\/media?parent=24039"}],"wp:term":[{"taxonomy":"category","embeddable":true,"href":"https:\/\/vocesdebaires.com.ar\/index.php\/wp-json\/wp\/v2\/categories?post=24039"},{"taxonomy":"post_tag","embeddable":true,"href":"https:\/\/vocesdebaires.com.ar\/index.php\/wp-json\/wp\/v2\/tags?post=24039"}],"curies":[{"name":"wp","href":"https:\/\/api.w.org\/{rel}","templated":true}]}}