{"id":24071,"date":"2014-07-28T12:50:23","date_gmt":"2014-07-28T15:50:23","guid":{"rendered":"http:\/\/vocesdebaires.com.ar\/wordpress\/index.php\/2014\/07\/28\/vidal-es-momento-de-involucrarse-y-construir-lo-propio\/"},"modified":"2014-07-28T12:50:23","modified_gmt":"2014-07-28T15:50:23","slug":"vidal-es-momento-de-involucrarse-y-construir-lo-propio","status":"publish","type":"post","link":"https:\/\/vocesdebaires.com.ar\/index.php\/2014\/07\/28\/vidal-es-momento-de-involucrarse-y-construir-lo-propio\/","title":{"rendered":"Vidal: \u00abEs momento de involucrarse y construir lo propio\u00bb"},"content":{"rendered":"<p><span style=\"line-height: 1.3em;\"> La referente del Pro bonaerense Mar\u00eda Eugenia Vidal se\u00f1al\u00f3 durante una recorrida por la ciudad de Necochea que \u201cno es momento de pensar en candidaturas, alianzas ni especular con movimientos partidarios; es momento de involucrarse y construir lo propio\u201d.<\/span><span style=\"line-height: 1.3em;\">\u201cEl Pro es un espacio de puertas abiertas que busca gente nueva porque para que haya un cambio tienen que venir personas muy distintas a la que han gobernado los \u00faltimos 30 a\u00f1os en Argentina\u201d, reiter\u00f3 Vidal luego de recorrer el centro de la ciudad en donde dialog\u00f3 con vecinos y comerciantes. <\/span><\/p>\n<p><span style=\"line-height: 1.3em;\">En declaraciones a la prensa la dirigente del Pro record\u00f3 que \u201chace siete a\u00f1os la Ciudad de Buenos Aires estaba bastante parecida a la Provincia y con los mismo recursos que los gobiernos anteriores pudimos hacer todo lo que hicimos\u201d. Es ese sentido, remarc\u00f3: \u201cTenemos el entusiasmo de saber que se puede, y por eso queremos armar un equipo para que los bonaerenses no tengamos que resignarnos a vivir de esta manera\u201d<\/span><\/p>\n<p><span style=\"line-height: 1.3em;\">Acompa\u00f1ada por el pre candidato a intendente del Pro Gustavo Casas, Vidal visit\u00f3 una planta procesadora de pescado y visit\u00f3 el Centro de Salud Barrio Sudoeste y enfatiz\u00f3: \u201cNecochea es una met\u00e1fora de lo que le pasa a la Provincia. Una ciudad que tiene una enorme cantidad de recurso y que; pese a eso, uno no la ve de pie. No est\u00e1 como podr\u00eda estar con un gobierno que utilice bien los recursos\u201d.<\/span><\/p>\n","protected":false},"excerpt":{"rendered":"<p>La referente del Pro bonaerense Mar\u00eda Eugenia Vidal se\u00f1al\u00f3 durante una recorrida por la ciudad de Necochea que \u201cno es momento de pensar en candidaturas, alianzas ni especular con movimientos partidarios; es momento de involucrarse y construir lo propio\u201d.\u201cEl Pro es un espacio de puertas abiertas que busca gente nueva porque para que haya un [&hellip;]<\/p>\n","protected":false},"author":2,"featured_media":24072,"comment_status":"open","ping_status":"open","sticky":false,"template":"","format":"standard","meta":{"_et_pb_use_builder":"","_et_pb_old_content":"","_et_gb_content_width":"","footnotes":""},"categories":[11,44],"tags":[],"class_list":["post-24071","post","type-post","status-publish","format-standard","has-post-thumbnail","hentry","category-ciudad","category-funcionarios-de-la-caba"],"_links":{"self":[{"href":"https:\/\/vocesdebaires.com.ar\/index.php\/wp-json\/wp\/v2\/posts\/24071"}],"collection":[{"href":"https:\/\/vocesdebaires.com.ar\/index.php\/wp-json\/wp\/v2\/posts"}],"about":[{"href":"https:\/\/vocesdebaires.com.ar\/index.php\/wp-json\/wp\/v2\/types\/post"}],"author":[{"embeddable":true,"href":"https:\/\/vocesdebaires.com.ar\/index.php\/wp-json\/wp\/v2\/users\/2"}],"replies":[{"embeddable":true,"href":"https:\/\/vocesdebaires.com.ar\/index.php\/wp-json\/wp\/v2\/comments?post=24071"}],"version-history":[{"count":0,"href":"https:\/\/vocesdebaires.com.ar\/index.php\/wp-json\/wp\/v2\/posts\/24071\/revisions"}],"wp:featuredmedia":[{"embeddable":true,"href":"https:\/\/vocesdebaires.com.ar\/index.php\/wp-json\/wp\/v2\/media\/24072"}],"wp:attachment":[{"href":"https:\/\/vocesdebaires.com.ar\/index.php\/wp-json\/wp\/v2\/media?parent=24071"}],"wp:term":[{"taxonomy":"category","embeddable":true,"href":"https:\/\/vocesdebaires.com.ar\/index.php\/wp-json\/wp\/v2\/categories?post=24071"},{"taxonomy":"post_tag","embeddable":true,"href":"https:\/\/vocesdebaires.com.ar\/index.php\/wp-json\/wp\/v2\/tags?post=24071"}],"curies":[{"name":"wp","href":"https:\/\/api.w.org\/{rel}","templated":true}]}}