{"id":2414,"date":"2020-05-19T16:05:59","date_gmt":"2020-05-19T19:05:59","guid":{"rendered":"http:\/\/vocesdebaires.com.ar\/wordpress\/index.php\/2020\/05\/19\/ciudaddetuvieron-ladron-de-bicicletas-en-el-centro\/"},"modified":"2020-05-19T16:05:59","modified_gmt":"2020-05-19T19:05:59","slug":"ciudaddetuvieron-ladron-de-bicicletas-en-el-centro","status":"publish","type":"post","link":"https:\/\/vocesdebaires.com.ar\/index.php\/2020\/05\/19\/ciudaddetuvieron-ladron-de-bicicletas-en-el-centro\/","title":{"rendered":"Ciudad:Detuvieron ladr\u00f3n de bicicletas en el Centro"},"content":{"rendered":"<p>Efectivos de la Comuna 1 de la Polic\u00eda de la Ciudad que recorr\u00edan la zona por la v\u00eda p\u00fablica fueron requeridos por dos hombres, que les comentaron que hace pocos d\u00edas uno de ellos hab\u00eda sufrido en el Bajo porte\u00f1o el robo de una bicicleta Fire Bird de colores celeste y blanco, con la que hac\u00eda repartos en forma de delivery. La v\u00edctima viraliz\u00f3 la foto del rodado en redes sociales y amigos suyos le mostraron que la misma se encontraba en varios sitios de venta por internet. A ra\u00edz de esto, tom\u00f3 contacto con el vendedor y arregl\u00f3 un punto de encuentro en la intersecci\u00f3n de Chile y avenida 9 de Julio para hacer efectiva la entrega de la supuesta compra.<\/p>\n<p>Una vez que ven al ladr\u00f3n, los dos hombres lo intentan atrapar, pero el delincuente se dio a la fuga. En ese momento, es cuando se cruzan los polic\u00edas con los damnificados y los efectivos lo logran detener en el cruce de Tacuar\u00ed y la avenida Independencia. Al consultar con el Juzgado Nacional en los Criminal y Correccional N\u00famero 57, a cargo de la doctora Mar\u00eda Galletti y ante la Secretar\u00eda N\u00famero 61 del doctor V\u00e1zquez, se procedi\u00f3 a la detenci\u00f3n del imputado y el secuestro de la bicicleta.<\/p>\n","protected":false},"excerpt":{"rendered":"<p>Efectivos de la Comuna 1 de la Polic\u00eda de la Ciudad que recorr\u00edan la zona por la v\u00eda p\u00fablica fueron requeridos por dos hombres, que les comentaron que hace pocos d\u00edas uno de ellos hab\u00eda sufrido en el Bajo porte\u00f1o el robo de una bicicleta Fire Bird de colores celeste y blanco, con la que [&hellip;]<\/p>\n","protected":false},"author":1,"featured_media":2415,"comment_status":"open","ping_status":"open","sticky":false,"template":"","format":"standard","meta":{"_et_pb_use_builder":"","_et_pb_old_content":"","_et_gb_content_width":"","footnotes":""},"categories":[11,32],"tags":[],"class_list":["post-2414","post","type-post","status-publish","format-standard","has-post-thumbnail","hentry","category-ciudad","category-comunas"],"_links":{"self":[{"href":"https:\/\/vocesdebaires.com.ar\/index.php\/wp-json\/wp\/v2\/posts\/2414"}],"collection":[{"href":"https:\/\/vocesdebaires.com.ar\/index.php\/wp-json\/wp\/v2\/posts"}],"about":[{"href":"https:\/\/vocesdebaires.com.ar\/index.php\/wp-json\/wp\/v2\/types\/post"}],"author":[{"embeddable":true,"href":"https:\/\/vocesdebaires.com.ar\/index.php\/wp-json\/wp\/v2\/users\/1"}],"replies":[{"embeddable":true,"href":"https:\/\/vocesdebaires.com.ar\/index.php\/wp-json\/wp\/v2\/comments?post=2414"}],"version-history":[{"count":0,"href":"https:\/\/vocesdebaires.com.ar\/index.php\/wp-json\/wp\/v2\/posts\/2414\/revisions"}],"wp:featuredmedia":[{"embeddable":true,"href":"https:\/\/vocesdebaires.com.ar\/index.php\/wp-json\/wp\/v2\/media\/2415"}],"wp:attachment":[{"href":"https:\/\/vocesdebaires.com.ar\/index.php\/wp-json\/wp\/v2\/media?parent=2414"}],"wp:term":[{"taxonomy":"category","embeddable":true,"href":"https:\/\/vocesdebaires.com.ar\/index.php\/wp-json\/wp\/v2\/categories?post=2414"},{"taxonomy":"post_tag","embeddable":true,"href":"https:\/\/vocesdebaires.com.ar\/index.php\/wp-json\/wp\/v2\/tags?post=2414"}],"curies":[{"name":"wp","href":"https:\/\/api.w.org\/{rel}","templated":true}]}}