{"id":24157,"date":"2014-08-04T11:49:35","date_gmt":"2014-08-04T14:49:35","guid":{"rendered":"http:\/\/vocesdebaires.com.ar\/wordpress\/index.php\/2014\/08\/04\/vidal-en-coronel-pringles\/"},"modified":"2014-08-04T11:49:35","modified_gmt":"2014-08-04T14:49:35","slug":"vidal-en-coronel-pringles","status":"publish","type":"post","link":"https:\/\/vocesdebaires.com.ar\/index.php\/2014\/08\/04\/vidal-en-coronel-pringles\/","title":{"rendered":"Vidal en Coronel Pringles"},"content":{"rendered":"<p><span style=\"line-height: 1.3em;\"> La referente del PRO bonaerense, Mar\u00eda Eugenia Vidal, este fin de semana afirm\u00f3 que \u00ablos argentinos hemos aprendido que hay una manera de hacer pol\u00edtica que ya no queremos m\u00e1s: no queremos m\u00e1s versos, relatos, ni promesas incumplidas\u00bb. Y plante\u00f3 que \u00abahora queremos gente que de verdad venga a hacer y a resolver los problemas y por eso crece la idea de cambio\u00bb.<\/span><span style=\"line-height: 1.3em;\">Durante una visita a Coronel Pringles, Vidal sostuvo que \u00abdesde el PRO tenemos el sue\u00f1o grande de terminar con 25 a\u00f1os de gobiernos en la Provincia que no le solucionaron los problemas a la gente\u00bb.<\/span><\/p>\n<p><span style=\"line-height: 1.3em;\">\u00abNos toca vivir sin cloacas ni agua potable, con rutas en mal estado y caminos rurales en los que si llueve no se puede transitar. Pero la contracara de esa enorme deuda social, en seguridad, en educaci\u00f3n y salud que hoy vivimos, es el enorme potencial que tiene la Provincia\u00bb, destac\u00f3.<\/span><\/p>\n<p><span style=\"line-height: 1.3em;\">Asimismo, se refiri\u00f3 a la posibilidad de una alianza con otros partidos de cara a 2015, y se\u00f1al\u00f3 que \u00abla Argentina que viene va a necesitar mucho di\u00e1logo, y nosotros dialogamos con todos. Nadie solo puede hacer las cosas. Siempre en elecciones hemos ido en frentes electorales y eso se definir\u00e1 m\u00e1s adelante, pero hoy la apuesta es por lo propio\u00bb.<\/span><span style=\"line-height: 1.3em;\">Acompa\u00f1ada por el referente local del macrismo, Gabriel D&#8217;Intino, Vidal se reuni\u00f3 con vecinos, visit\u00f3 un taller protegido y luego visit\u00f3 la escuela de equinoterapia de Coronel Pringles.<\/span><\/p>\n","protected":false},"excerpt":{"rendered":"<p>La referente del PRO bonaerense, Mar\u00eda Eugenia Vidal, este fin de semana afirm\u00f3 que \u00ablos argentinos hemos aprendido que hay una manera de hacer pol\u00edtica que ya no queremos m\u00e1s: no queremos m\u00e1s versos, relatos, ni promesas incumplidas\u00bb. Y plante\u00f3 que \u00abahora queremos gente que de verdad venga a hacer y a resolver los problemas [&hellip;]<\/p>\n","protected":false},"author":2,"featured_media":24158,"comment_status":"open","ping_status":"open","sticky":false,"template":"","format":"standard","meta":{"_et_pb_use_builder":"","_et_pb_old_content":"","_et_gb_content_width":"","footnotes":""},"categories":[11,44],"tags":[],"class_list":["post-24157","post","type-post","status-publish","format-standard","has-post-thumbnail","hentry","category-ciudad","category-funcionarios-de-la-caba"],"_links":{"self":[{"href":"https:\/\/vocesdebaires.com.ar\/index.php\/wp-json\/wp\/v2\/posts\/24157"}],"collection":[{"href":"https:\/\/vocesdebaires.com.ar\/index.php\/wp-json\/wp\/v2\/posts"}],"about":[{"href":"https:\/\/vocesdebaires.com.ar\/index.php\/wp-json\/wp\/v2\/types\/post"}],"author":[{"embeddable":true,"href":"https:\/\/vocesdebaires.com.ar\/index.php\/wp-json\/wp\/v2\/users\/2"}],"replies":[{"embeddable":true,"href":"https:\/\/vocesdebaires.com.ar\/index.php\/wp-json\/wp\/v2\/comments?post=24157"}],"version-history":[{"count":0,"href":"https:\/\/vocesdebaires.com.ar\/index.php\/wp-json\/wp\/v2\/posts\/24157\/revisions"}],"wp:featuredmedia":[{"embeddable":true,"href":"https:\/\/vocesdebaires.com.ar\/index.php\/wp-json\/wp\/v2\/media\/24158"}],"wp:attachment":[{"href":"https:\/\/vocesdebaires.com.ar\/index.php\/wp-json\/wp\/v2\/media?parent=24157"}],"wp:term":[{"taxonomy":"category","embeddable":true,"href":"https:\/\/vocesdebaires.com.ar\/index.php\/wp-json\/wp\/v2\/categories?post=24157"},{"taxonomy":"post_tag","embeddable":true,"href":"https:\/\/vocesdebaires.com.ar\/index.php\/wp-json\/wp\/v2\/tags?post=24157"}],"curies":[{"name":"wp","href":"https:\/\/api.w.org\/{rel}","templated":true}]}}