{"id":24182,"date":"2014-08-05T15:22:08","date_gmt":"2014-08-05T18:22:08","guid":{"rendered":"http:\/\/vocesdebaires.com.ar\/wordpress\/index.php\/2014\/08\/05\/vida-l-visito-el-municipio-de-almirante-brown\/"},"modified":"2014-08-05T15:22:08","modified_gmt":"2014-08-05T18:22:08","slug":"vida-l-visito-el-municipio-de-almirante-brown","status":"publish","type":"post","link":"https:\/\/vocesdebaires.com.ar\/index.php\/2014\/08\/05\/vida-l-visito-el-municipio-de-almirante-brown\/","title":{"rendered":"Vida l: Visito el municipio de Almirante Brown"},"content":{"rendered":"<p><span style=\"line-height: 1.3em;\"> La referente bonaerense del PRO Mar\u00eda Eugenia Vidal asegur\u00f3 hoy durante una visita al municipio de Almirante Brown que \u201clos adversarios a vencer son los problemas que la gente tiene todos los d\u00edas\u201d.<\/span><span style=\"line-height: 1.3em;\">\u201cLa verdad es que especular hoy con un balotaje, con la inseguridad que vive la provincia, con la falta de infraestructura y con los problemas cr\u00f3nicos que arrastra; es estar mirando otro canal y faltarle el respeto a la gente\u201d, sostuvo Vidal en declaraciones a la prensa luego de un encuentro con vecinos en el Club Red de Arte y Cultura.<\/span><\/p>\n<p><span style=\"line-height: 1.3em;\">Consultada sobre el reclamo de los docentes bonaerenses, Vidal manifest\u00f3: \u00abYo escuch\u00e9 del paro de docentes bonaerenses antes de las vacaciones. Y reci\u00e9n el mi\u00e9rcoles convocan a los gremios para dialogar. Hoy los chicos no tienen clases y esos d\u00edas no se recuperan. Como no se recuperan los 17 d\u00edas de clase perdidos a principios de a\u00f1o\u201d. En ese sentido destac\u00f3 que \u00abla Capital es el \u00fanico distrito donde crece la matr\u00edcula de la educaci\u00f3n p\u00fablica por sobre la privada porque los vecinos pueden confiar en la educaci\u00f3n p\u00fablica de la Ciudad\u00bb.<\/span><\/p>\n<p><span style=\"line-height: 1.3em;\">Acompa\u00f1ada durante la visita por el legislador porte\u00f1o Federico Salvai, la dirigente del Pro visit\u00f3 el hogar de ni\u00f1os \u00abEl Alba\u00bb y se reuni\u00f3 en el Parque Industrial con empresarios y comerciantes del distrito. \u201cNo creo que sea una provincia inviable como piensan muchos. Hay mucha capacidad de resistencia de los vecinos bonaerenses y con un Estado presente tiene que ponerse en pie\u00bb, concluy\u00f3 Vidal.<\/span><\/p>\n","protected":false},"excerpt":{"rendered":"<p>La referente bonaerense del PRO Mar\u00eda Eugenia Vidal asegur\u00f3 hoy durante una visita al municipio de Almirante Brown que \u201clos adversarios a vencer son los problemas que la gente tiene todos los d\u00edas\u201d.\u201cLa verdad es que especular hoy con un balotaje, con la inseguridad que vive la provincia, con la falta de infraestructura y con [&hellip;]<\/p>\n","protected":false},"author":2,"featured_media":24183,"comment_status":"open","ping_status":"open","sticky":false,"template":"","format":"standard","meta":{"_et_pb_use_builder":"","_et_pb_old_content":"","_et_gb_content_width":"","footnotes":""},"categories":[11,44],"tags":[],"class_list":["post-24182","post","type-post","status-publish","format-standard","has-post-thumbnail","hentry","category-ciudad","category-funcionarios-de-la-caba"],"_links":{"self":[{"href":"https:\/\/vocesdebaires.com.ar\/index.php\/wp-json\/wp\/v2\/posts\/24182"}],"collection":[{"href":"https:\/\/vocesdebaires.com.ar\/index.php\/wp-json\/wp\/v2\/posts"}],"about":[{"href":"https:\/\/vocesdebaires.com.ar\/index.php\/wp-json\/wp\/v2\/types\/post"}],"author":[{"embeddable":true,"href":"https:\/\/vocesdebaires.com.ar\/index.php\/wp-json\/wp\/v2\/users\/2"}],"replies":[{"embeddable":true,"href":"https:\/\/vocesdebaires.com.ar\/index.php\/wp-json\/wp\/v2\/comments?post=24182"}],"version-history":[{"count":0,"href":"https:\/\/vocesdebaires.com.ar\/index.php\/wp-json\/wp\/v2\/posts\/24182\/revisions"}],"wp:featuredmedia":[{"embeddable":true,"href":"https:\/\/vocesdebaires.com.ar\/index.php\/wp-json\/wp\/v2\/media\/24183"}],"wp:attachment":[{"href":"https:\/\/vocesdebaires.com.ar\/index.php\/wp-json\/wp\/v2\/media?parent=24182"}],"wp:term":[{"taxonomy":"category","embeddable":true,"href":"https:\/\/vocesdebaires.com.ar\/index.php\/wp-json\/wp\/v2\/categories?post=24182"},{"taxonomy":"post_tag","embeddable":true,"href":"https:\/\/vocesdebaires.com.ar\/index.php\/wp-json\/wp\/v2\/tags?post=24182"}],"curies":[{"name":"wp","href":"https:\/\/api.w.org\/{rel}","templated":true}]}}