{"id":24185,"date":"2014-08-05T15:52:21","date_gmt":"2014-08-05T18:52:21","guid":{"rendered":"http:\/\/vocesdebaires.com.ar\/wordpress\/index.php\/2014\/08\/05\/homenaje-a-francia-por-la-cooperacion-con-la-argentina\/"},"modified":"2014-08-05T15:52:21","modified_gmt":"2014-08-05T18:52:21","slug":"homenaje-a-francia-por-la-cooperacion-con-la-argentina","status":"publish","type":"post","link":"https:\/\/vocesdebaires.com.ar\/index.php\/2014\/08\/05\/homenaje-a-francia-por-la-cooperacion-con-la-argentina\/","title":{"rendered":"Homenaje a Francia por la cooperaci\u00f3n con la Argentina"},"content":{"rendered":"<p><span style=\"line-height: 1.3em;\">La iniciativa de esta distinci\u00f3n surgi\u00f3 a trav\u00e9s de un proyecto presentado por la diputada Susana Rinaldi (FPP) y fue aprobada por el Cuerpo parlamentario en noviembre de 2013. \u00abLlegar a Francia en los a\u00f1os \u00b470 signific\u00f3 llegar a esa libertad justa, humanista, creativa, que me recordaba a cada instante el porqu\u00e9 de ser argentina. Y es verdad que no tengo palabras en ninguna lengua para expresarle mi agradecimiento\u00bb, sostuvo emocionada la autora de la iniciativa.<\/span><\/p>\n<p>Ayer por la tarde en el Sal\u00f3n San Mart\u00edn de la Legislatura, Rilandi entreg\u00f3 una plaqueta como reconocimiento al embajador de la Rep\u00fablica de Francia, Jean &#8211; Michel Casa, quien expres\u00f3: \u00abSusana ha dicho con palabras bellas y justas los lazos que unen a la Argentina y Francia\u00bb. Adem\u00e1s el diplom\u00e1tico agreg\u00f3 que \u00ablos exiliados argentinos que llegaron durante la dictadura encontraron solidaridad. Ellos luchaban para recuperar la democracia\u00bb.<\/p>\n<p>En su proyecto legislativo, Rinaldi reconoci\u00f3 los v\u00ednculos que entrelazan a ambas rep\u00fablicas tanto en la pol\u00edtica, como en la inmigraci\u00f3n francesa que lleg\u00f3 a nuestro pa\u00eds a partir de 1880, y las personalidades de los m\u00e1s diversos \u00e1mbitos que enriquecieron nuestra cultura y ciencia. Para numerosos m\u00fasicos, escritores, pintores, poetas, artistas de la danza, Francia se ha constituido en un segundo hogar, la \u00abmaison secondaire\u00bb como parte de la cooperaci\u00f3n art\u00edstica y cultural franco-argentina. Entre ellos, Julio Cort\u00e1zar, Atahualpa Yupanqui, Antonio Segu\u00ed, P\u00e9rez Celis, y la propia Susana Rinaldi.<\/p>\n<p>El campo de los derechos humanos es un eje esencial de la relaci\u00f3n franco-argentina: los dos pa\u00edses trabajaron en conjunto por la puesta en marcha del Convenio de las Naciones Unidas sobre la protecci\u00f3n contra las desapariciones forzadas que entr\u00f3 en vigor en 2010. Durante la represi\u00f3n de los a\u00f1os 70, dos monjas francesas fueron detenidas en la ESMA antes de ser cruelmente asesinadas y otros diecis\u00e9is franceses murieron igualmente. El grueso del \u00faltimo exilio pol\u00edtico argentino, al que Francia abri\u00f3 sus brazos, lleg\u00f3 a mediados de los a\u00f1os setenta. Se cre\u00f3 la \u00abOffice Fran\u00e7ais de Protection des R\u00e9fugi\u00e9s et Apatrides (OFPRA)\u00bb, instituci\u00f3n dependiente del Ministerio de Asuntos Extranjeros, para regular los pedidos de asilo pol\u00edtico y brindar un apoyo cada vez mayor a los exiliados.<\/p>\n<p>En el transcurso del acto se realiz\u00f3 un homenaje musical que estuvo a cargo de Marikena Monti y Jaqueline Sigaut. Asistieron a la ceremonia los diputados An\u00edbal Ibarra (FPP), Carmen Polledo y L\u00eda Rueda (PRO) y la titular de Abuelas de Plaza de Mayo, Estela de Crlotto.<\/p>\n<p>Foto : La diputada Susana Rinaldi (FPP) junto al embajador de la Rep\u00fablica de Francia, Jean &#8211; Michel Casa<\/p>\n","protected":false},"excerpt":{"rendered":"<p>La iniciativa de esta distinci\u00f3n surgi\u00f3 a trav\u00e9s de un proyecto presentado por la diputada Susana Rinaldi (FPP) y fue aprobada por el Cuerpo parlamentario en noviembre de 2013. \u00abLlegar a Francia en los a\u00f1os \u00b470 signific\u00f3 llegar a esa libertad justa, humanista, creativa, que me recordaba a cada instante el porqu\u00e9 de ser argentina. [&hellip;]<\/p>\n","protected":false},"author":2,"featured_media":24186,"comment_status":"open","ping_status":"open","sticky":false,"template":"","format":"standard","meta":{"_et_pb_use_builder":"","_et_pb_old_content":"","_et_gb_content_width":"","footnotes":""},"categories":[11,44],"tags":[],"class_list":["post-24185","post","type-post","status-publish","format-standard","has-post-thumbnail","hentry","category-ciudad","category-funcionarios-de-la-caba"],"_links":{"self":[{"href":"https:\/\/vocesdebaires.com.ar\/index.php\/wp-json\/wp\/v2\/posts\/24185"}],"collection":[{"href":"https:\/\/vocesdebaires.com.ar\/index.php\/wp-json\/wp\/v2\/posts"}],"about":[{"href":"https:\/\/vocesdebaires.com.ar\/index.php\/wp-json\/wp\/v2\/types\/post"}],"author":[{"embeddable":true,"href":"https:\/\/vocesdebaires.com.ar\/index.php\/wp-json\/wp\/v2\/users\/2"}],"replies":[{"embeddable":true,"href":"https:\/\/vocesdebaires.com.ar\/index.php\/wp-json\/wp\/v2\/comments?post=24185"}],"version-history":[{"count":0,"href":"https:\/\/vocesdebaires.com.ar\/index.php\/wp-json\/wp\/v2\/posts\/24185\/revisions"}],"wp:featuredmedia":[{"embeddable":true,"href":"https:\/\/vocesdebaires.com.ar\/index.php\/wp-json\/wp\/v2\/media\/24186"}],"wp:attachment":[{"href":"https:\/\/vocesdebaires.com.ar\/index.php\/wp-json\/wp\/v2\/media?parent=24185"}],"wp:term":[{"taxonomy":"category","embeddable":true,"href":"https:\/\/vocesdebaires.com.ar\/index.php\/wp-json\/wp\/v2\/categories?post=24185"},{"taxonomy":"post_tag","embeddable":true,"href":"https:\/\/vocesdebaires.com.ar\/index.php\/wp-json\/wp\/v2\/tags?post=24185"}],"curies":[{"name":"wp","href":"https:\/\/api.w.org\/{rel}","templated":true}]}}