{"id":24211,"date":"2014-08-07T13:48:42","date_gmt":"2014-08-07T16:48:42","guid":{"rendered":"http:\/\/vocesdebaires.com.ar\/wordpress\/index.php\/2014\/08\/07\/macri-visito-el-festival-ba-emprende\/"},"modified":"2014-08-07T13:48:42","modified_gmt":"2014-08-07T16:48:42","slug":"macri-visito-el-festival-ba-emprende","status":"publish","type":"post","link":"https:\/\/vocesdebaires.com.ar\/index.php\/2014\/08\/07\/macri-visito-el-festival-ba-emprende\/","title":{"rendered":"Macri, visit\u00f3  el Festival BA Emprende"},"content":{"rendered":"<p><span style=\"line-height: 1.3em;\">El jefe de Gobierno porte\u00f1o, Mauricio Macri, visit\u00f3 \u00a0el Festival BA Emprende y dialog\u00f3 con egresados de la Academia BA Emprende, que se reunieron en el Auditorio Buenos Aires para intercambiar experiencias.<\/span><span style=\"line-height: 1.3em;\"> Los egresados de la primera edici\u00f3n de la Academia interactuaron entre ellos y con el Gobierno de la Ciudad para realizar diversas consultas y relatar sus vivencias en el mundo emprendedor.<\/span><span style=\"line-height: 1.3em;\"> En el primer curso m\u00e1s de 5000 emprendedores entrenaron sus habilidades, aprendieron t\u00e9cnicas y recibieron ayuda para dar los primeros pasos en el mundo de las iniciativas.<\/span><span style=\"line-height: 1.3em;\"> En tanto, el Ministerio de Desarrollo Econ\u00f3mico de la Ciudad tiene abierta la inscripci\u00f3n para la segunda edici\u00f3n, que comenzar\u00e1 el lunes 11 de agosto pr\u00f3ximo, durar\u00e1 entre 7 y 8 semanas y tendr\u00e1 certificaci\u00f3n internacional.<\/span><\/p>\n<p><span style=\"line-height: 1.3em;\"> Los tres cursos que se dictan son \u201cQuiero crecer profesionalmente\u201d, \u201cQuiero emprender\u201d y \u201cSoy emprendedor, quiero expandirme\u201d, con modalidad de un encuentro semanal de 3 horas en distintos barrios de la Ciudad.<\/span><span style=\"line-height: 1.3em;\"> El encuentro de hoy sirvi\u00f3 para que los emprendedores conociesen los servicios a su disposici\u00f3n, las instituciones que colaboran en el proyecto, el funcionamiento de las aceleradoras e inversores y c\u00f3mo participar de rondas de inversores y asesorarse en los consultorios tem\u00e1ticos.<\/span><span style=\"line-height: 1.3em;\"> Sobresalieron dos experiencias, una de ellas la de Ayrton Zazo, hijo de un mec\u00e1nico de Arrecifes que gan\u00f3 la beca del programa abanderados de la UDESA y se convirti\u00f3 en emprendedor tras su paso por la Academia.<\/span><span style=\"line-height: 1.3em;\"> El otro es el caso de Esteban Maidana, un joven de la zona de Puente la Noria que hoy est\u00e1 dando clases de design thinking a chicos de Villa Albertina.<\/span><\/p>\n","protected":false},"excerpt":{"rendered":"<p>El jefe de Gobierno porte\u00f1o, Mauricio Macri, visit\u00f3 \u00a0el Festival BA Emprende y dialog\u00f3 con egresados de la Academia BA Emprende, que se reunieron en el Auditorio Buenos Aires para intercambiar experiencias. Los egresados de la primera edici\u00f3n de la Academia interactuaron entre ellos y con el Gobierno de la Ciudad para realizar diversas consultas [&hellip;]<\/p>\n","protected":false},"author":2,"featured_media":24212,"comment_status":"open","ping_status":"open","sticky":false,"template":"","format":"standard","meta":{"_et_pb_use_builder":"","_et_pb_old_content":"","_et_gb_content_width":"","footnotes":""},"categories":[11,44],"tags":[],"class_list":["post-24211","post","type-post","status-publish","format-standard","has-post-thumbnail","hentry","category-ciudad","category-funcionarios-de-la-caba"],"_links":{"self":[{"href":"https:\/\/vocesdebaires.com.ar\/index.php\/wp-json\/wp\/v2\/posts\/24211"}],"collection":[{"href":"https:\/\/vocesdebaires.com.ar\/index.php\/wp-json\/wp\/v2\/posts"}],"about":[{"href":"https:\/\/vocesdebaires.com.ar\/index.php\/wp-json\/wp\/v2\/types\/post"}],"author":[{"embeddable":true,"href":"https:\/\/vocesdebaires.com.ar\/index.php\/wp-json\/wp\/v2\/users\/2"}],"replies":[{"embeddable":true,"href":"https:\/\/vocesdebaires.com.ar\/index.php\/wp-json\/wp\/v2\/comments?post=24211"}],"version-history":[{"count":0,"href":"https:\/\/vocesdebaires.com.ar\/index.php\/wp-json\/wp\/v2\/posts\/24211\/revisions"}],"wp:featuredmedia":[{"embeddable":true,"href":"https:\/\/vocesdebaires.com.ar\/index.php\/wp-json\/wp\/v2\/media\/24212"}],"wp:attachment":[{"href":"https:\/\/vocesdebaires.com.ar\/index.php\/wp-json\/wp\/v2\/media?parent=24211"}],"wp:term":[{"taxonomy":"category","embeddable":true,"href":"https:\/\/vocesdebaires.com.ar\/index.php\/wp-json\/wp\/v2\/categories?post=24211"},{"taxonomy":"post_tag","embeddable":true,"href":"https:\/\/vocesdebaires.com.ar\/index.php\/wp-json\/wp\/v2\/tags?post=24211"}],"curies":[{"name":"wp","href":"https:\/\/api.w.org\/{rel}","templated":true}]}}