{"id":24218,"date":"2014-08-07T19:14:46","date_gmt":"2014-08-07T22:14:46","guid":{"rendered":"http:\/\/vocesdebaires.com.ar\/wordpress\/index.php\/2014\/08\/07\/reunion-de-comite-ejecutivo-de-la-conmebol\/"},"modified":"2014-08-07T19:14:46","modified_gmt":"2014-08-07T22:14:46","slug":"reunion-de-comite-ejecutivo-de-la-conmebol","status":"publish","type":"post","link":"https:\/\/vocesdebaires.com.ar\/index.php\/2014\/08\/07\/reunion-de-comite-ejecutivo-de-la-conmebol\/","title":{"rendered":"Reuni\u00f3n de Comit\u00e9 Ejecutivo de la CONMEBOL"},"content":{"rendered":"<p><span style=\"line-height: 1.3em;\">Para el viernes, 8 de agosto, fueron convocados los integrantes del Comit\u00e9 Ejecutivo de la CONMEBOL. La reuni\u00f3n est\u00e1 prevista para las 14 hs. en la sede administrativa de la instituci\u00f3n, en Luque, Gran Asunci\u00f3n, con la presencia de su titular, Eugenio Figueredo.<\/span><span style=\"line-height: 1.3em;\">La c\u00fapula directriz del f\u00fatbol continental debatir\u00e1 diversas cuestiones atinentes a la gesti\u00f3n que desarrolla la actual administraci\u00f3n.<\/span><span style=\"line-height: 1.3em;\">In extensa la convocatoria firmada por el Secretario General de la C.S.F., Sr. Jos\u00e9 Luis Meiszner:<\/span><span style=\"line-height: 1.3em;\">Luque (Gran Asunci\u00f3n), 1 de agosto de 2014<\/span><\/p>\n<p><span style=\"line-height: 1.3em;\">Ret.: Convocatoria a reuni\u00f3n del Comit\u00e9 Ejecutivo<\/span><\/p>\n<p><span style=\"line-height: 1.3em;\">Estimados Sres. Miembros del Comit\u00e9 Ejecutivo:<\/span><\/p>\n<p><span style=\"line-height: 1.3em;\">Por medio de la presente les hago saber que el Presidente, de conformidad con<\/span><\/p>\n<p>lo dispuesto en el Art.36.1 del Estatuto de la CONMEBOL, ha convocado a reuni\u00f3n<\/p>\n<p>al Comit\u00e9 Ejecutivo de esta Confederaci\u00f3n, de acuerdo con la siguiente<\/p>\n<p>informaci\u00f3n:<\/p>\n<p><span style=\"line-height: 1.3em;\"> D\u00eda: 8 de agosto de 2014<\/span><\/p>\n<p>Ciudad: Luque, Gran Asunci\u00f3n &#8211; Paraguay<\/p>\n<p>Lugar: Sede de la CONMEBOL<\/p>\n<p>Hora de Inicio: 14.00 hs<\/p>\n<p>Oportunamente, se les estar\u00e1 haciendo llegar el Orden del D\u00eda de los asuntos a\u00a0<span style=\"line-height: 1.3em;\">tratar, as\u00ed como la documentaci\u00f3n de cada uno de los puntos. <\/span><span style=\"line-height: 1.3em;\">Sin otro particular, aprovechamos la ocasi\u00f3n para enviarles un cordial saludo.<\/span><\/p>\n<p>Jos\u00e9 Luis Meiszner<\/p>\n<p>Secretario General<\/p>\n<p>Fuente: CONMEBOL.com<\/p>\n","protected":false},"excerpt":{"rendered":"<p>Para el viernes, 8 de agosto, fueron convocados los integrantes del Comit\u00e9 Ejecutivo de la CONMEBOL. La reuni\u00f3n est\u00e1 prevista para las 14 hs. en la sede administrativa de la instituci\u00f3n, en Luque, Gran Asunci\u00f3n, con la presencia de su titular, Eugenio Figueredo.La c\u00fapula directriz del f\u00fatbol continental debatir\u00e1 diversas cuestiones atinentes a la gesti\u00f3n [&hellip;]<\/p>\n","protected":false},"author":2,"featured_media":24219,"comment_status":"open","ping_status":"open","sticky":false,"template":"","format":"standard","meta":{"_et_pb_use_builder":"","_et_pb_old_content":"","_et_gb_content_width":"","footnotes":""},"categories":[14,50],"tags":[],"class_list":["post-24218","post","type-post","status-publish","format-standard","has-post-thumbnail","hentry","category-deportes","category-futbol-internacional-2"],"_links":{"self":[{"href":"https:\/\/vocesdebaires.com.ar\/index.php\/wp-json\/wp\/v2\/posts\/24218"}],"collection":[{"href":"https:\/\/vocesdebaires.com.ar\/index.php\/wp-json\/wp\/v2\/posts"}],"about":[{"href":"https:\/\/vocesdebaires.com.ar\/index.php\/wp-json\/wp\/v2\/types\/post"}],"author":[{"embeddable":true,"href":"https:\/\/vocesdebaires.com.ar\/index.php\/wp-json\/wp\/v2\/users\/2"}],"replies":[{"embeddable":true,"href":"https:\/\/vocesdebaires.com.ar\/index.php\/wp-json\/wp\/v2\/comments?post=24218"}],"version-history":[{"count":0,"href":"https:\/\/vocesdebaires.com.ar\/index.php\/wp-json\/wp\/v2\/posts\/24218\/revisions"}],"wp:featuredmedia":[{"embeddable":true,"href":"https:\/\/vocesdebaires.com.ar\/index.php\/wp-json\/wp\/v2\/media\/24219"}],"wp:attachment":[{"href":"https:\/\/vocesdebaires.com.ar\/index.php\/wp-json\/wp\/v2\/media?parent=24218"}],"wp:term":[{"taxonomy":"category","embeddable":true,"href":"https:\/\/vocesdebaires.com.ar\/index.php\/wp-json\/wp\/v2\/categories?post=24218"},{"taxonomy":"post_tag","embeddable":true,"href":"https:\/\/vocesdebaires.com.ar\/index.php\/wp-json\/wp\/v2\/tags?post=24218"}],"curies":[{"name":"wp","href":"https:\/\/api.w.org\/{rel}","templated":true}]}}