{"id":24222,"date":"2014-08-07T19:51:56","date_gmt":"2014-08-07T22:51:56","guid":{"rendered":"http:\/\/vocesdebaires.com.ar\/wordpress\/index.php\/2014\/08\/07\/comienza-el-torneo-de-primera-b-2014\/"},"modified":"2014-08-07T19:51:56","modified_gmt":"2014-08-07T22:51:56","slug":"comienza-el-torneo-de-primera-b-2014","status":"publish","type":"post","link":"https:\/\/vocesdebaires.com.ar\/index.php\/2014\/08\/07\/comienza-el-torneo-de-primera-b-2014\/","title":{"rendered":"Comienza el torneo de Primera B 2014"},"content":{"rendered":"<p><span style=\"line-height: 1.3em;\">El viernes inciar\u00e1 el Torneo de Primera B 2014 con tres partidos por la Zona A y tres por la Zona B. En tanto, en la jornada de s\u00e1bado se disputar\u00e1n dos encuentros por cada zona. Asimismo, se detalla la programaci\u00f3n de la segunda fecha, que se jugar\u00e1 entre martes y mi\u00e9rcoles de la semana pr\u00f3xima.<\/span><\/p>\n<p><span style=\"line-height: 1.3em;\"><strong>TORNEO PRIMERA B 2014 &#8211; FECHA 1<\/strong><\/span><\/p>\n<p><span style=\"line-height: 1.3em;\"><strong>ZONA A<\/strong><\/span><\/p>\n<p><span style=\"line-height: 1.3em;\">Viernes 8 de agosto<\/span><\/p>\n<p>15.30&#8211; Almirante Brown-Villa D\u00e1lmine, \u00e1rbitro: Mart\u00edn Gonaldi<\/p>\n<p>16.00&#8211; Estudiantes-Deportivo Merlo, \u00e1rbitro: Ramiro L\u00f3pez<\/p>\n<p>20.00&#8211; Chacarita Juniors-Deportivo Espa\u00f1ol, \u00e1rbitro: Gonzalo L\u00f3pez Aldazabal<\/p>\n<p><span style=\"line-height: 1.3em;\">S\u00e1bado 9 de agosto<\/span><\/p>\n<p>12.05&#8211; Colegiales-Trist\u00e1n Su\u00e1rez, \u00e1rbitro: Pablo Gim\u00e9nez (TV)<\/p>\n<p>14.05&#8211; F\u00e9nix-Atlanta, \u00e1rbitro: Carlos Stoklas (TV)<\/p>\n<p><span style=\"line-height: 1.3em;\">Libre: Brown de Adrog\u00fae<\/span><\/p>\n<p><span style=\"line-height: 1.3em;\"><strong>ZONA B<\/strong><\/span><\/p>\n<p><span style=\"line-height: 1.3em;\">Viernes 8 de agosto<\/span><\/p>\n<p>15.05&#8211; Deportivo Mor\u00f3n-Almagro, \u00e1rbitro: Ignacio Lupani (TV)<\/p>\n<p>15.30&#8211; Los Andes-Villa San Carlos, \u00e1rbitro: \u00c1ngel Bracco<\/p>\n<p>15.30&#8211; Barracas Central-UAI Urquiza, \u00e1rbitro: Gast\u00f3n Meineri<\/p>\n<p>S\u00e1bado 9 de agosto<\/p>\n<p>15.30&#8211; Comunicaciones-Acassuso, \u00e1rbitro: Hern\u00e1n Mastr\u00e1ngelo<\/p>\n<p>15.30&#8211; Deportivo Armenio-Sportivo Italiano, \u00e1rbitro: Julio Barraza<\/p>\n<p><span style=\"line-height: 1.3em;\">Libre: Platense<\/span><\/p>\n<p><span style=\"line-height: 1.3em;\"><strong>TORNEO PRIMERA B 2014 &#8211; FECHA 2<\/strong><\/span><\/p>\n<p><span style=\"line-height: 1.3em;\"><strong>ZONA A<\/strong><\/span><\/p>\n<p><span style=\"line-height: 1.3em;\">Martes 12 de agosto<\/span><\/p>\n<p>15.30&#8211; Trist\u00e1n Su\u00e1rez-F\u00e9nix, \u00e1rbitro: Jos\u00e9 Carreras<\/p>\n<p>19.30&#8211; Villa D\u00e1lmine-Estudiantes, \u00e1rbitro: Pablo D\u00f3valo<\/p>\n<p>20.00&#8211; Deportivo Espa\u00f1ol-Almirante Brown, \u00e1rbitro: Eduardo Gutierrez<\/p>\n<p>21.05&#8211; Atlanta-Chacarita Juniors, \u00e1rbitro: Ignacio Lupani (TV)<\/p>\n<p>Mi\u00e9rcoles 13 de agosto<\/p>\n<p>15.05&#8211; Deportivo Merlo-Brown de Adrogu\u00e9, \u00e1rbitro: Lucas Di Bastiano (TV)<\/p>\n<p><span style=\"line-height: 1.3em;\">Libre: Colegiales<\/span><\/p>\n<p><span style=\"line-height: 1.3em;\"><strong>ZONA B<\/strong><\/span><\/p>\n<p><span style=\"line-height: 1.3em;\">Martes 12 de agosto<\/span><\/p>\n<p>15.05&#8211; Acassuso-Platense, \u00e1rbitro: Yamil Possi (TV) (en F\u00e9nix)<\/p>\n<p>15.30&#8211; UAI-Urquiza c. Comunicaciones, \u00e1rbitro: Mauro Biasutto<\/p>\n<p>15.30&#8211; Sportivo Italiano-Barracas Central, \u00e1rbitro: Germ\u00e1n Berm\u00fadez<\/p>\n<p>Mi\u00e9rcoles 13 de agosto<\/p>\n<p>14.00&#8211; Almagro-Deportivo Armenio, \u00e1rbitro: Carlos Stoklas<\/p>\n<p>15.30&#8211; Villa San Carlos-Deportivo Mor\u00f3n, \u00e1rbitro: Sebasti\u00e1n Bresba<\/p>\n<p><span style=\"line-height: 1.3em;\">Libre: Los Andes<\/span><span style=\"line-height: 1.3em; white-space: pre;\"> <\/span><\/p>\n","protected":false},"excerpt":{"rendered":"<p>El viernes inciar\u00e1 el Torneo de Primera B 2014 con tres partidos por la Zona A y tres por la Zona B. En tanto, en la jornada de s\u00e1bado se disputar\u00e1n dos encuentros por cada zona. Asimismo, se detalla la programaci\u00f3n de la segunda fecha, que se jugar\u00e1 entre martes y mi\u00e9rcoles de la semana [&hellip;]<\/p>\n","protected":false},"author":2,"featured_media":24223,"comment_status":"open","ping_status":"open","sticky":false,"template":"","format":"standard","meta":{"_et_pb_use_builder":"","_et_pb_old_content":"","_et_gb_content_width":"","footnotes":""},"categories":[47,14],"tags":[],"class_list":["post-24222","post","type-post","status-publish","format-standard","has-post-thumbnail","hentry","category-1o-division-b-nacional","category-deportes"],"_links":{"self":[{"href":"https:\/\/vocesdebaires.com.ar\/index.php\/wp-json\/wp\/v2\/posts\/24222"}],"collection":[{"href":"https:\/\/vocesdebaires.com.ar\/index.php\/wp-json\/wp\/v2\/posts"}],"about":[{"href":"https:\/\/vocesdebaires.com.ar\/index.php\/wp-json\/wp\/v2\/types\/post"}],"author":[{"embeddable":true,"href":"https:\/\/vocesdebaires.com.ar\/index.php\/wp-json\/wp\/v2\/users\/2"}],"replies":[{"embeddable":true,"href":"https:\/\/vocesdebaires.com.ar\/index.php\/wp-json\/wp\/v2\/comments?post=24222"}],"version-history":[{"count":0,"href":"https:\/\/vocesdebaires.com.ar\/index.php\/wp-json\/wp\/v2\/posts\/24222\/revisions"}],"wp:featuredmedia":[{"embeddable":true,"href":"https:\/\/vocesdebaires.com.ar\/index.php\/wp-json\/wp\/v2\/media\/24223"}],"wp:attachment":[{"href":"https:\/\/vocesdebaires.com.ar\/index.php\/wp-json\/wp\/v2\/media?parent=24222"}],"wp:term":[{"taxonomy":"category","embeddable":true,"href":"https:\/\/vocesdebaires.com.ar\/index.php\/wp-json\/wp\/v2\/categories?post=24222"},{"taxonomy":"post_tag","embeddable":true,"href":"https:\/\/vocesdebaires.com.ar\/index.php\/wp-json\/wp\/v2\/tags?post=24222"}],"curies":[{"name":"wp","href":"https:\/\/api.w.org\/{rel}","templated":true}]}}