{"id":24244,"date":"2014-08-11T15:02:54","date_gmt":"2014-08-11T18:02:54","guid":{"rendered":"http:\/\/vocesdebaires.com.ar\/wordpress\/index.php\/2014\/08\/11\/ley-para-prohibir-la-canilla-libre-en-locales-bailables\/"},"modified":"2014-08-11T15:02:54","modified_gmt":"2014-08-11T18:02:54","slug":"ley-para-prohibir-la-canilla-libre-en-locales-bailables","status":"publish","type":"post","link":"https:\/\/vocesdebaires.com.ar\/index.php\/2014\/08\/11\/ley-para-prohibir-la-canilla-libre-en-locales-bailables\/","title":{"rendered":"Ley  para prohibir la  \u00abcanilla libre\u00bb en locales bailables"},"content":{"rendered":"<p><span style=\"line-height: 1.3em;\">El Vicepresidente 1\u00b0 de la Legislatura Porte\u00f1a, Cristian Ritondo, y \u00a0el \u00a0legislador del PRO, Roberto Quattromano, presentaron un proyecto de ley para \u00a0prohibir el expendio o promoci\u00f3n de bebida alcoh\u00f3lica cualquiera sea su graduaci\u00f3n, en la modalidad conocida como \u201ccanilla libre\u201d en locales bailables.<\/span><span style=\"line-height: 1.3em;\">\u00abCon este proyecto procuramos evitar que los j\u00f3venes caigan en la trampa de los especuladores que aplican estrategias de promoci\u00f3n y captaci\u00f3n de clientes que, a trav\u00e9s de la promoci\u00f3n del consumo abusivo de alcohol, incitan a esta pr\u00e1ctica en tanto condici\u00f3n necesaria para la diversi\u00f3n durante las salidas nocturnas\u00bb, explic\u00f3 Ritondo.<\/span><\/p>\n<p><span style=\"line-height: 1.3em;\">En el mismo sentido, Quattromano se\u00f1al\u00f3 que esta modalidad \u201cdisfraza la cultura del exceso y el descontrol al darle forma de pr\u00e1cticas y valores positivos, al tiempo que decide ignorar los efectos negativos, tanto individuales como colectivos, que estas pr\u00e1cticas sociales producen\u201d.<\/span><span style=\"line-height: 1.3em;\">Por ese motivo, el proyecto propone que \u201cel titular o responsable de un establecimiento bailable que expenda o promocione bebidas alcoh\u00f3licas en la modalidad de canilla libre, ser\u00e1 sancionado con una multa de seis mil ochocientos (6.800) a treinta y cuatro mil (34.000) unidades fijas, decomiso y clausura del establecimiento \u2013 tal como est\u00e1 estipulado para los locales que venden alcohol fuera del horario permitido -\u201d.<\/span><span style=\"line-height: 1.3em;\">Por \u00faltimo, la iniciativa de Ritondo y Quattromano establece que \u201clas consumiciones de bebidas que correspondan a la entrada de estos comercios no podr\u00e1n ofrecer m\u00e1s de dos (2) bebidas con alcohol\u201d.<\/span><\/p>\n","protected":false},"excerpt":{"rendered":"<p>El Vicepresidente 1\u00b0 de la Legislatura Porte\u00f1a, Cristian Ritondo, y \u00a0el \u00a0legislador del PRO, Roberto Quattromano, presentaron un proyecto de ley para \u00a0prohibir el expendio o promoci\u00f3n de bebida alcoh\u00f3lica cualquiera sea su graduaci\u00f3n, en la modalidad conocida como \u201ccanilla libre\u201d en locales bailables.\u00abCon este proyecto procuramos evitar que los j\u00f3venes caigan en la trampa [&hellip;]<\/p>\n","protected":false},"author":2,"featured_media":24245,"comment_status":"open","ping_status":"open","sticky":false,"template":"","format":"standard","meta":{"_et_pb_use_builder":"","_et_pb_old_content":"","_et_gb_content_width":"","footnotes":""},"categories":[11,44],"tags":[],"class_list":["post-24244","post","type-post","status-publish","format-standard","has-post-thumbnail","hentry","category-ciudad","category-funcionarios-de-la-caba"],"_links":{"self":[{"href":"https:\/\/vocesdebaires.com.ar\/index.php\/wp-json\/wp\/v2\/posts\/24244"}],"collection":[{"href":"https:\/\/vocesdebaires.com.ar\/index.php\/wp-json\/wp\/v2\/posts"}],"about":[{"href":"https:\/\/vocesdebaires.com.ar\/index.php\/wp-json\/wp\/v2\/types\/post"}],"author":[{"embeddable":true,"href":"https:\/\/vocesdebaires.com.ar\/index.php\/wp-json\/wp\/v2\/users\/2"}],"replies":[{"embeddable":true,"href":"https:\/\/vocesdebaires.com.ar\/index.php\/wp-json\/wp\/v2\/comments?post=24244"}],"version-history":[{"count":0,"href":"https:\/\/vocesdebaires.com.ar\/index.php\/wp-json\/wp\/v2\/posts\/24244\/revisions"}],"wp:featuredmedia":[{"embeddable":true,"href":"https:\/\/vocesdebaires.com.ar\/index.php\/wp-json\/wp\/v2\/media\/24245"}],"wp:attachment":[{"href":"https:\/\/vocesdebaires.com.ar\/index.php\/wp-json\/wp\/v2\/media?parent=24244"}],"wp:term":[{"taxonomy":"category","embeddable":true,"href":"https:\/\/vocesdebaires.com.ar\/index.php\/wp-json\/wp\/v2\/categories?post=24244"},{"taxonomy":"post_tag","embeddable":true,"href":"https:\/\/vocesdebaires.com.ar\/index.php\/wp-json\/wp\/v2\/tags?post=24244"}],"curies":[{"name":"wp","href":"https:\/\/api.w.org\/{rel}","templated":true}]}}