{"id":24256,"date":"2014-08-11T20:38:30","date_gmt":"2014-08-11T23:38:30","guid":{"rendered":"http:\/\/vocesdebaires.com.ar\/wordpress\/index.php\/2014\/08\/11\/integran-comisiones-de-seguimiento-a-obras-en-subtes-y-autopistas\/"},"modified":"2014-08-11T20:38:30","modified_gmt":"2014-08-11T23:38:30","slug":"integran-comisiones-de-seguimiento-a-obras-en-subtes-y-autopistas","status":"publish","type":"post","link":"https:\/\/vocesdebaires.com.ar\/index.php\/2014\/08\/11\/integran-comisiones-de-seguimiento-a-obras-en-subtes-y-autopistas\/","title":{"rendered":"Integran comisiones de seguimiento a obras en Subtes y Autopistas"},"content":{"rendered":"<p><span style=\"line-height: 1.3em;\">Fue conformada la participaci\u00f3n legislativa para dar cumplimiento a las leyes N\u00ba 670 de Seguimiento de la Ampliaci\u00f3n de la red de Subterr\u00e1neos; y N\u00ba 3060, sobre el cumplimiento de las obras de la Red de Autopistas y V\u00edas interconectadas de la Ciudad.<\/span><span style=\"line-height: 1.3em;\">El Vicepresidente Primero de la Legislatura de la Ciudad Aut\u00f3noma de Buenos Aires, diputado Cristian Ritondo, design\u00f3 a los integrantes de la Comisi\u00f3n de Seguimiento de la Ampliaci\u00f3n de la red de Subterr\u00e1neos establecida en el art\u00edculo 7\u00ba de la N\u00ba 670 que autoriza al Poder Ejecutivo a la construcci\u00f3n de nuevas l\u00edneas.<\/span><\/p>\n<p>La norma, cre\u00f3 una Comisi\u00f3n mixta que debe abocarse al seguimiento de la licitaci\u00f3n y las obras del proyecto a ser desarrollado por el Poder Ejecutivo, debiendo informar bimestralmente a la Legislatura sobre su avance y ejecuci\u00f3n. Est\u00e1 compuesta por dos representantes de Subterr\u00e1neos de Buenos Aires, Sociedad del Estado -SBASE- y quince legisladores. Seg\u00fan el Decreto N\u00ba 88-PSP-2014, la participaci\u00f3n legislativa a propuesta de los distintos bloques parlamentarios estar\u00e1 a cargo de los siguientes diputados\/as: Cristian Ritondo, Carmen Polledo, Enzo Pagani, Jos\u00e9 Luis Acevedo, Federico Salvai, Alejandro Garc\u00eda, Francisco Quintana, Helio Rebot (PRO); Gabriela Alegre (FpV), Claudio Palmeyro (SP), Gabriela Cerruti (NE), An\u00edbal Ibarra (FPP), Mar\u00eda In\u00e9s Gorbea (SUMA+), Virginia Gonz\u00e1lez Gass (PSA) y Maximiliano Ferraro (CC-ARI).<\/p>\n<p>En tanto, mediante el Decreto N\u00ba 89-PSP-2014 \u00a0se design\u00f3 a los miembros de la Comisi\u00f3n de Seguimiento parlamentario sobre el cumplimiento de las obras de la Red de Autopistas y V\u00edas interconectadas de la Ciudad, creada por Ley N\u00ba 3060 y sus modificatorias.<span style=\"line-height: 1.3em;\">Para cumplir con lo establecido en los art\u00edculos 13 y 14 de la citada ley la Comisi\u00f3n, tambi\u00e9n a propuesta de los bloques, se integr\u00f3 con trece legisladores: Enzo Pagani, Alejandro Garc\u00eda, Karina Spalla, Juan Pablo Arenaza, Gabriela Seijo, Daniel Lipovetzky, Helio Rebot (PRO); Hern\u00e1n Arce (PS), Javier Gentilini (PSur), Graciela Oca\u00f1a (CP), Claudio Palmeyro (SP), Edgardo Form (NE) y Mar\u00eda Rosa Mui\u00f1os (FpV). <\/span><span style=\"line-height: 1.3em;\">Ambos decretos fueron firmados el \u00faltimo mi\u00e9rcoles 6 de agosto por el Vicepresidente Primero diputado Cristian Ritondo, y el Secretario Parlamentario de la Legislatura de la Ciudad Aut\u00f3noma de Buenos Aires, Carlos Seraf\u00edn P\u00e9rez.<\/span><\/p>\n","protected":false},"excerpt":{"rendered":"<p>Fue conformada la participaci\u00f3n legislativa para dar cumplimiento a las leyes N\u00ba 670 de Seguimiento de la Ampliaci\u00f3n de la red de Subterr\u00e1neos; y N\u00ba 3060, sobre el cumplimiento de las obras de la Red de Autopistas y V\u00edas interconectadas de la Ciudad.El Vicepresidente Primero de la Legislatura de la Ciudad Aut\u00f3noma de Buenos Aires, [&hellip;]<\/p>\n","protected":false},"author":2,"featured_media":18750,"comment_status":"open","ping_status":"open","sticky":false,"template":"","format":"standard","meta":{"_et_pb_use_builder":"","_et_pb_old_content":"","_et_gb_content_width":"","footnotes":""},"categories":[11,44],"tags":[],"class_list":["post-24256","post","type-post","status-publish","format-standard","has-post-thumbnail","hentry","category-ciudad","category-funcionarios-de-la-caba"],"_links":{"self":[{"href":"https:\/\/vocesdebaires.com.ar\/index.php\/wp-json\/wp\/v2\/posts\/24256"}],"collection":[{"href":"https:\/\/vocesdebaires.com.ar\/index.php\/wp-json\/wp\/v2\/posts"}],"about":[{"href":"https:\/\/vocesdebaires.com.ar\/index.php\/wp-json\/wp\/v2\/types\/post"}],"author":[{"embeddable":true,"href":"https:\/\/vocesdebaires.com.ar\/index.php\/wp-json\/wp\/v2\/users\/2"}],"replies":[{"embeddable":true,"href":"https:\/\/vocesdebaires.com.ar\/index.php\/wp-json\/wp\/v2\/comments?post=24256"}],"version-history":[{"count":0,"href":"https:\/\/vocesdebaires.com.ar\/index.php\/wp-json\/wp\/v2\/posts\/24256\/revisions"}],"wp:featuredmedia":[{"embeddable":true,"href":"https:\/\/vocesdebaires.com.ar\/index.php\/wp-json\/wp\/v2\/media\/18750"}],"wp:attachment":[{"href":"https:\/\/vocesdebaires.com.ar\/index.php\/wp-json\/wp\/v2\/media?parent=24256"}],"wp:term":[{"taxonomy":"category","embeddable":true,"href":"https:\/\/vocesdebaires.com.ar\/index.php\/wp-json\/wp\/v2\/categories?post=24256"},{"taxonomy":"post_tag","embeddable":true,"href":"https:\/\/vocesdebaires.com.ar\/index.php\/wp-json\/wp\/v2\/tags?post=24256"}],"curies":[{"name":"wp","href":"https:\/\/api.w.org\/{rel}","templated":true}]}}