{"id":24291,"date":"2014-08-14T12:54:50","date_gmt":"2014-08-14T15:54:50","guid":{"rendered":"http:\/\/vocesdebaires.com.ar\/wordpress\/index.php\/2014\/08\/14\/larreta-diserto-en-el-consejo-profesional-de-ciencias-economicas\/"},"modified":"2014-08-14T12:54:50","modified_gmt":"2014-08-14T15:54:50","slug":"larreta-diserto-en-el-consejo-profesional-de-ciencias-economicas","status":"publish","type":"post","link":"https:\/\/vocesdebaires.com.ar\/index.php\/2014\/08\/14\/larreta-diserto-en-el-consejo-profesional-de-ciencias-economicas\/","title":{"rendered":"Larreta disert\u00f3 en el Consejo Profesional de Ciencias Econ\u00f3micas"},"content":{"rendered":"<p><span style=\"line-height: 1.3em;\">El Jefe de Gabinete porte\u00f1o, Horacio Rodr\u00edguez Larreta, particip\u00f3 junto al presidente del Consejo Profesional de Ciencias Econ\u00f3micas de la Ciudad, Humberto Bertazza, de la 1\u00aa Convenci\u00f3n Consejo, un espacio de di\u00e1logo para el debate de los grandes desaf\u00edos que estructuralmente enfrenta el pa\u00eds. <\/span><span style=\"line-height: 1.3em;\">La jornada estuvo integrada por tres paneles, econ\u00f3mico, pol\u00edtico y judicial, y cont\u00f3 con la participaci\u00f3n de unas 300 personas.<\/span><\/p>\n<p><span style=\"line-height: 1.3em;\">\u201cEl di\u00e1logo es muy importante para mejorar la vida de las personas. Porque mediante el trabajo en conjunto siempre se cumplen con m\u00e1s y mejores objetivos. Por eso es destacable la creaci\u00f3n de estos \u00e1mbitos de participaci\u00f3n, debate y aporte de ideas\u201d, se\u00f1al\u00f3 Rodr\u00edguez Larreta.<\/span><span style=\"line-height: 1.3em;\">En ese sentido, el funcionario porte\u00f1o consider\u00f3 que los ciudadanos argentinos \u201cest\u00e1n pidiendo a gritos un cambio\u201d, porque buscan una sociedad con \u201cmayor di\u00e1logo, participaci\u00f3n, discusi\u00f3n respetuosa de ideas y consenso\u201d.<\/span><\/p>\n<p><span style=\"line-height: 1.3em;\">Rodr\u00edguez Larreta asegur\u00f3 que la Ciudad seguir\u00e1 trabajando para avanzar en \u201cun modelo de desarrollo\u201d que la convierta en la \u201ccapital creativa de Am\u00e9rica Latina\u201d, para lo cual consider\u00f3 necesario seguir apostando por el talento de los porte\u00f1os. <\/span><span style=\"line-height: 1.3em;\">Por su parte, Humberto Bertazza consider\u00f3 que el \u201cfomento del di\u00e1logo, como cultura del encuentro, al igual que la resoluci\u00f3n de las falencias institucionales, son asignaturas pendientes para el pa\u00eds\u201d. <\/span><span style=\"line-height: 1.3em;\">Y concluy\u00f3: \u201cEsta Convenci\u00f3n es un aporte al fortalecimiento institucional para que el pa\u00eds se encamine por un sendero de desarrollo sostenido\u201d.<\/span><\/p>\n","protected":false},"excerpt":{"rendered":"<p>El Jefe de Gabinete porte\u00f1o, Horacio Rodr\u00edguez Larreta, particip\u00f3 junto al presidente del Consejo Profesional de Ciencias Econ\u00f3micas de la Ciudad, Humberto Bertazza, de la 1\u00aa Convenci\u00f3n Consejo, un espacio de di\u00e1logo para el debate de los grandes desaf\u00edos que estructuralmente enfrenta el pa\u00eds. La jornada estuvo integrada por tres paneles, econ\u00f3mico, pol\u00edtico y judicial, [&hellip;]<\/p>\n","protected":false},"author":2,"featured_media":24292,"comment_status":"open","ping_status":"open","sticky":false,"template":"","format":"standard","meta":{"_et_pb_use_builder":"","_et_pb_old_content":"","_et_gb_content_width":"","footnotes":""},"categories":[11,44],"tags":[],"class_list":["post-24291","post","type-post","status-publish","format-standard","has-post-thumbnail","hentry","category-ciudad","category-funcionarios-de-la-caba"],"_links":{"self":[{"href":"https:\/\/vocesdebaires.com.ar\/index.php\/wp-json\/wp\/v2\/posts\/24291"}],"collection":[{"href":"https:\/\/vocesdebaires.com.ar\/index.php\/wp-json\/wp\/v2\/posts"}],"about":[{"href":"https:\/\/vocesdebaires.com.ar\/index.php\/wp-json\/wp\/v2\/types\/post"}],"author":[{"embeddable":true,"href":"https:\/\/vocesdebaires.com.ar\/index.php\/wp-json\/wp\/v2\/users\/2"}],"replies":[{"embeddable":true,"href":"https:\/\/vocesdebaires.com.ar\/index.php\/wp-json\/wp\/v2\/comments?post=24291"}],"version-history":[{"count":0,"href":"https:\/\/vocesdebaires.com.ar\/index.php\/wp-json\/wp\/v2\/posts\/24291\/revisions"}],"wp:featuredmedia":[{"embeddable":true,"href":"https:\/\/vocesdebaires.com.ar\/index.php\/wp-json\/wp\/v2\/media\/24292"}],"wp:attachment":[{"href":"https:\/\/vocesdebaires.com.ar\/index.php\/wp-json\/wp\/v2\/media?parent=24291"}],"wp:term":[{"taxonomy":"category","embeddable":true,"href":"https:\/\/vocesdebaires.com.ar\/index.php\/wp-json\/wp\/v2\/categories?post=24291"},{"taxonomy":"post_tag","embeddable":true,"href":"https:\/\/vocesdebaires.com.ar\/index.php\/wp-json\/wp\/v2\/tags?post=24291"}],"curies":[{"name":"wp","href":"https:\/\/api.w.org\/{rel}","templated":true}]}}