{"id":24315,"date":"2014-08-15T13:54:45","date_gmt":"2014-08-15T16:54:45","guid":{"rendered":"http:\/\/vocesdebaires.com.ar\/wordpress\/index.php\/2014\/08\/15\/uso-de-predio-a-river-ira-a-audiencia-publica\/"},"modified":"2014-08-15T13:54:45","modified_gmt":"2014-08-15T16:54:45","slug":"uso-de-predio-a-river-ira-a-audiencia-publica","status":"publish","type":"post","link":"https:\/\/vocesdebaires.com.ar\/index.php\/2014\/08\/15\/uso-de-predio-a-river-ira-a-audiencia-publica\/","title":{"rendered":"Uso de predio a River ir\u00e1 a Audiencia P\u00fablica"},"content":{"rendered":"<p><span style=\"line-height: 1.3em;\">En primera lectura fue aprobada una ley con el fin de otorgar al Club Atl\u00e9tico River Plate por el t\u00e9rmino de 20 a\u00f1os, con vigencia a partir del pasado 1 de julio, el permiso de uso exclusivo, precario y gratuito, de terrenos que vienen siendo usados por la entidad. Para su sanci\u00f3n definitiva debe ser aprobada nuevamente por los diputados, previo tratamiento del expediente en una Audiencia P\u00fablica.<\/span><\/p>\n<p>Las fracciones de tierra en cuesti\u00f3n son las delimitadas por los siguientes pol\u00edgonos: L\u00edmite norte del campo deportivo del Club River Plate, Av. Guillermo Udaondo, Av. Lugones y la calle Juan F. S\u00e1enz Valiente; y tramo de la calle Juan F. S\u00e1enz Valiente y sus aceras, comprendido entre la Av. Presidente Figueroa Alcorta y Av. Lugones. Los terrenos deben ser destinados por la entidad beneficiaria a las \u00a0actividades deportivas, sociales, culturales, y comunitarias, ateni\u00e9ndose a lo regulado en relaci\u00f3n a su condici\u00f3n de asociaci\u00f3n sin fines de lucro.<span style=\"line-height: 1.3em;\">La ley determina la obligaci\u00f3n del club de entregar al Gobierno de la Ciudad dos ambulancias plenamente equipadas para transporte neonatal seg\u00fan especificaciones del SAME, que har\u00e1 uso de las unidades. La entrega de los veh\u00edculos deber\u00e1 realizarse, una dentro de los seis meses de sancionada la norma, y la segunda al cumplirse los cinco a\u00f1os del otorgamiento del permiso de uso exclusivo.<\/span><\/p>\n<p>River tambi\u00e9n estar\u00e1 obligado a ceder, una vez al a\u00f1o, durante la totalidad de la vigencia del permiso, el uso de las instalaciones del Estadio de F\u00fatbol \u00abAntonio Vespucio Liberti\u00bb al Gobierno de la Ciudad con el fin de organizar eventos de car\u00e1cter ben\u00e9ficos. Los fondos recaudados ser\u00e1n destinados a los planes sociales que el GCBA implementa y en caso que \u00e9ste no utilice esas instalaciones, la entidad ceder\u00e1 dos veces por a\u00f1o el uso del Micro estadio Club Atl\u00e9tico River Plate. Adem\u00e1s, deber\u00e1 conceder espacios para actividades y eventos deportivos organizados por la Subsecretar\u00eda de Deportes del GCABA, conforme lo permitan las actividades y las instalaciones del Club. Finalmente deber\u00e1 otorgar, durante el per\u00edodo de marzo a noviembre de cada a\u00f1o, un total del 10% de becas sobre el total de las vacantes de los seminar ios que se dictan en el Instituto Universidad River Plate.<\/p>\n<p>Queda a cargo de la entidad beneficiaria el pago de tasas, impuestos y las tarifas de los servicios p\u00fablicos que correspondan al usufructo de las \u00e1reas. Anualmente el Poder Ejecutivo porte\u00f1o realizar\u00e1 visitas a fin de constatar y evaluar el cumplimiento de la normativa.<span style=\"line-height: 1.3em;\">El diputado Agust\u00edn Forchieri (PRO) afirm\u00f3 luego de la votaci\u00f3n, que la ley implica la \u00abrenovaci\u00f3n de la Ordenanza 33.125 y posteriormente de la Ley 1.373 aprobada en 2004&#8243;. Tambi\u00e9n apunt\u00f3 que el proyecto en cuesti\u00f3n tuvo tratamiento en la Comisi\u00f3n de Presupuesto durante varios meses, sufri\u00f3 modificaciones propuestas por los bloques y en el despacho prevaleci\u00f3 el aporte social, deportivo y cultural del club River Plate\u00bb. <\/span><\/p>\n<p>El proyecto es de autor\u00eda de los diputados Jos\u00e9 Luis Acevedo, Agust\u00edn Forchieri, Roberto Quattromano, Juan Pablo Arenaza, Federico Salvai, Christian Bauab, Daniel Lipovetzky, Daniel Presti, Francisco Quintana, Diana Mart\u00ednez Barrios (PRO), In\u00e9s Gorbea, Juan Nosiglia, Hern\u00e1n Rossi (SUMA+), An\u00edbal Ibarra (FPP), Maximiliano Ferraro, Paula Oliveto Lago (CC), Gabriel Fuks, Claudia Neira, Mar\u00eda Rosa Mui\u00f1os (FpV) y Claudio Palmeyro (PJ). Hoy la ley obtuvo 49 votos positivos, 3 negativos de los diputados Pablo Bergel, Gustavo Vera (VA) y Marcelo Ramal (FIT) y una abstenci\u00f3n del diputado Alejandro Bodart (MST).<\/p>\n","protected":false},"excerpt":{"rendered":"<p>En primera lectura fue aprobada una ley con el fin de otorgar al Club Atl\u00e9tico River Plate por el t\u00e9rmino de 20 a\u00f1os, con vigencia a partir del pasado 1 de julio, el permiso de uso exclusivo, precario y gratuito, de terrenos que vienen siendo usados por la entidad. Para su sanci\u00f3n definitiva debe ser [&hellip;]<\/p>\n","protected":false},"author":2,"featured_media":24316,"comment_status":"open","ping_status":"open","sticky":false,"template":"","format":"standard","meta":{"_et_pb_use_builder":"","_et_pb_old_content":"","_et_gb_content_width":"","footnotes":""},"categories":[11,44],"tags":[],"class_list":["post-24315","post","type-post","status-publish","format-standard","has-post-thumbnail","hentry","category-ciudad","category-funcionarios-de-la-caba"],"_links":{"self":[{"href":"https:\/\/vocesdebaires.com.ar\/index.php\/wp-json\/wp\/v2\/posts\/24315"}],"collection":[{"href":"https:\/\/vocesdebaires.com.ar\/index.php\/wp-json\/wp\/v2\/posts"}],"about":[{"href":"https:\/\/vocesdebaires.com.ar\/index.php\/wp-json\/wp\/v2\/types\/post"}],"author":[{"embeddable":true,"href":"https:\/\/vocesdebaires.com.ar\/index.php\/wp-json\/wp\/v2\/users\/2"}],"replies":[{"embeddable":true,"href":"https:\/\/vocesdebaires.com.ar\/index.php\/wp-json\/wp\/v2\/comments?post=24315"}],"version-history":[{"count":0,"href":"https:\/\/vocesdebaires.com.ar\/index.php\/wp-json\/wp\/v2\/posts\/24315\/revisions"}],"wp:featuredmedia":[{"embeddable":true,"href":"https:\/\/vocesdebaires.com.ar\/index.php\/wp-json\/wp\/v2\/media\/24316"}],"wp:attachment":[{"href":"https:\/\/vocesdebaires.com.ar\/index.php\/wp-json\/wp\/v2\/media?parent=24315"}],"wp:term":[{"taxonomy":"category","embeddable":true,"href":"https:\/\/vocesdebaires.com.ar\/index.php\/wp-json\/wp\/v2\/categories?post=24315"},{"taxonomy":"post_tag","embeddable":true,"href":"https:\/\/vocesdebaires.com.ar\/index.php\/wp-json\/wp\/v2\/tags?post=24315"}],"curies":[{"name":"wp","href":"https:\/\/api.w.org\/{rel}","templated":true}]}}