{"id":24317,"date":"2014-08-15T14:10:19","date_gmt":"2014-08-15T17:10:19","guid":{"rendered":"http:\/\/vocesdebaires.com.ar\/wordpress\/index.php\/2014\/08\/15\/dia-mundial-de-las-victimas-de-desaparicion-forzada\/"},"modified":"2014-08-15T14:10:19","modified_gmt":"2014-08-15T17:10:19","slug":"dia-mundial-de-las-victimas-de-desaparicion-forzada","status":"publish","type":"post","link":"https:\/\/vocesdebaires.com.ar\/index.php\/2014\/08\/15\/dia-mundial-de-las-victimas-de-desaparicion-forzada\/","title":{"rendered":"D\u00eda mundial de las v\u00edctimas de desaparici\u00f3n forzada"},"content":{"rendered":"<\/p>\n<p><span style=\"line-height: 1.3em;\">La Legislatura de la Ciudad adhiri\u00f3 al \u201cD\u00eda Mundial de las Victimas de Desapariciones Forzadas\u201d a conmemorarse el pr\u00f3ximo 30 de agosto, fecha establecida por la Asamblea General de la ONU. Considerando la definici\u00f3n de la ONU, la Desaparici\u00f3n Forzada de Personas se produce cuando: \u201cse arreste, detenga o traslade contra su voluntad a las personas, o que \u00e9stas resulten privadas de su libertad de alguna otra forma por agentes gubernamentales de cualquier sector o nivel, por grupos organizados o por particulares que act\u00faan en nombre del Gobierno o con su apoyo directo o indirecto, su autorizaci\u00f3n o su asentimiento, y que luego se niegan a revelar la suerte o el paradero de esas personas o a reconocer que est\u00e1n privadas de la libertad, sustray\u00e9ndolas as\u00ed a la protecci\u00f3n de la ley\u201d. El diputado Hern\u00e1n Rossi (SUMA+) es el autor de la iniciativa. Ot ro expediente con el mismo objetivo hab\u00eda presentado la diputada Mar\u00eda Rachid (FpV).<\/span><\/p>\n<p>Conmemoran el centenario del nacimiento de Cort\u00e1zar<\/p>\n<p><span style=\"line-height: 1.3em;\">El Cuerpo Parlamentario apoy\u00f3 conmemorar el 100\u00b0 aniversario del natalicio de Julio Cort\u00e1zar a cumplirse el pr\u00f3ximo 26 de agosto. El escritor, traductor e intelectual argentino considerado uno de los autores m\u00e1s innovadores de la literatura contempor\u00e1nea es autor de: \u00abLos premios\u00bb, \u00abHistorias de cronopios y de famas\u00bb, \u00abBestiario\u00bb, \u00abFinal del juego\u00bb, \u00abLas armas secretas\u00bb y \u00abTodos los fuegos el fuego\u00bb, entre algunas de sus obras m\u00e1s conocidas. La autora de la declaraci\u00f3n fue la legisladora del PRO Raquel Herrero.<\/span><\/p>\n","protected":false},"excerpt":{"rendered":"<p>La Legislatura de la Ciudad adhiri\u00f3 al \u201cD\u00eda Mundial de las Victimas de Desapariciones Forzadas\u201d a conmemorarse el pr\u00f3ximo 30 de agosto, fecha establecida por la Asamblea General de la ONU. Considerando la definici\u00f3n de la ONU, la Desaparici\u00f3n Forzada de Personas se produce cuando: \u201cse arreste, detenga o traslade contra su voluntad a las [&hellip;]<\/p>\n","protected":false},"author":2,"featured_media":0,"comment_status":"open","ping_status":"open","sticky":false,"template":"","format":"standard","meta":{"_et_pb_use_builder":"","_et_pb_old_content":"","_et_gb_content_width":"","footnotes":""},"categories":[11,44],"tags":[],"class_list":["post-24317","post","type-post","status-publish","format-standard","hentry","category-ciudad","category-funcionarios-de-la-caba"],"_links":{"self":[{"href":"https:\/\/vocesdebaires.com.ar\/index.php\/wp-json\/wp\/v2\/posts\/24317"}],"collection":[{"href":"https:\/\/vocesdebaires.com.ar\/index.php\/wp-json\/wp\/v2\/posts"}],"about":[{"href":"https:\/\/vocesdebaires.com.ar\/index.php\/wp-json\/wp\/v2\/types\/post"}],"author":[{"embeddable":true,"href":"https:\/\/vocesdebaires.com.ar\/index.php\/wp-json\/wp\/v2\/users\/2"}],"replies":[{"embeddable":true,"href":"https:\/\/vocesdebaires.com.ar\/index.php\/wp-json\/wp\/v2\/comments?post=24317"}],"version-history":[{"count":0,"href":"https:\/\/vocesdebaires.com.ar\/index.php\/wp-json\/wp\/v2\/posts\/24317\/revisions"}],"wp:attachment":[{"href":"https:\/\/vocesdebaires.com.ar\/index.php\/wp-json\/wp\/v2\/media?parent=24317"}],"wp:term":[{"taxonomy":"category","embeddable":true,"href":"https:\/\/vocesdebaires.com.ar\/index.php\/wp-json\/wp\/v2\/categories?post=24317"},{"taxonomy":"post_tag","embeddable":true,"href":"https:\/\/vocesdebaires.com.ar\/index.php\/wp-json\/wp\/v2\/tags?post=24317"}],"curies":[{"name":"wp","href":"https:\/\/api.w.org\/{rel}","templated":true}]}}