{"id":24320,"date":"2014-08-15T20:28:10","date_gmt":"2014-08-15T23:28:10","guid":{"rendered":"http:\/\/vocesdebaires.com.ar\/wordpress\/index.php\/2014\/08\/15\/la-ciudad-inauguro-mas-carritos-modernos-y-seguros\/"},"modified":"2014-08-15T20:28:10","modified_gmt":"2014-08-15T23:28:10","slug":"la-ciudad-inauguro-mas-carritos-modernos-y-seguros","status":"publish","type":"post","link":"https:\/\/vocesdebaires.com.ar\/index.php\/2014\/08\/15\/la-ciudad-inauguro-mas-carritos-modernos-y-seguros\/","title":{"rendered":"La Ciudad inaugur\u00f3 m\u00e1s carritos, modernos y seguros"},"content":{"rendered":"<p><span style=\"line-height: 1.3em;\">Con la presencia del jefe de Gabinete porte\u00f1o, Horacio Rodr\u00edguez Larreta, del senador nacional, Diego Santilli, del subsecretario de Uso del Espacio P\u00fablico, Patricio Di Stefano, y del reconocido chef Donato De Santis, la Ciudad puso en funcionamiento 24 nuevos carritos en la Costanera Sur, con mejores condiciones de higiene, seguridad y dise\u00f1o para todos los vecinos y turistas que desean comprar bebidas y alimentos en la zona.<\/span><span style=\"line-height: 1.3em;\">\u00abQueremos que los porte\u00f1os disfruten al m\u00e1ximo de cada rinc\u00f3n de la Ciudad. Estos nuevos carritos son m\u00e1s higi\u00e9nicos y seguros para todos los que se acercan a la Costanera Sur a pasear en familia o con amigos, para los que pescan, los que hacen ejercicio o vienen a andar en bici\u00bb, destac\u00f3 Rodr\u00edguez Larreta.<\/span><\/p>\n<p><span style=\"line-height: 1.3em;\">Los nuevos carritos funcionan a gas y reemplazan a las parrillas a base de carb\u00f3n, siendo menos contaminantes y garantizando una mayor higiene para los consumidores. Adem\u00e1s, los nuevos puestos tienen servicio de agua potable y conexi\u00f3n el\u00e9ctrica, lo que permite mejores condiciones de salubridad.<\/span><span style=\"line-height: 1.3em;\">\u201cEs muy importante que hoy la Costanera tenga carritos con buena presencia, que haya salubridad, que cuidemos el medio ambiente mediante el uso de gas y no de carb\u00f3n, y que la gente pueda pasar un momento agradable\u201d, expres\u00f3, por su parte, Diego Santilli.<\/span><\/p>\n<p><span style=\"line-height: 1.3em;\">El dise\u00f1o de los puestos es moderno y homog\u00e9neo: son todos iguales, de color marr\u00f3n en el exterior y blanco en el interior, con toldos de franjas blancas y amarillas. Los antiguos, en cambio, eran estructuras anticuadas, cuyas medidas, carteler\u00eda y marquesinas no se ajustaban a las permitidas por la ley. El nuevo dise\u00f1o contempla tambi\u00e9n el espacio para un freezer y una heladera con exhibidor para bebidas.<\/span><span style=\"line-height: 1.3em;\">\u00abEste nuevo sistema regulariz\u00f3 todos los carritos de la zona para garantizar un mejor servicio, con todas las normas de higiene. Este recambio se suma a la renovaci\u00f3n de los carritos que ya se hizo en la Costanera Norte, que junto con otras obras embellecieron esta zona de paseo para que puedan disfrutarla todos los vecinos\u00bb, se\u00f1al\u00f3 Patricio Di Stefano.<\/span><\/p>\n<p><span style=\"line-height: 1.3em;\">Las nuevas instalaciones pertenecen al Gobierno de la Ciudad, que los cede en comodato por cinco a\u00f1os a los permisionarios de los puestos. A cambio de la cesi\u00f3n, los encargados tienen que conservar los carros en buen estado, mantener limpio el entorno, tener la libreta sanitaria al d\u00eda y pagar el canon correspondiente. En caso de incumplimiento de alguno de estos requisitos, se pierde el permiso y el puesto <\/span><span style=\"line-height: 1.3em;\">Los controles bromatol\u00f3gicos de los nuevos puestos est\u00e1n a cargo de la Agencia Gubernamental de Control (AGC), a trav\u00e9s de su Direcci\u00f3n General de Higiene y Seguridad Alimentaria. Para acceder a los nuevos carritos, todo el personal que trabaja en los puestos realiz\u00f3 un curso de manipulaci\u00f3n de alimentos.<\/span><\/p>\n","protected":false},"excerpt":{"rendered":"<p>Con la presencia del jefe de Gabinete porte\u00f1o, Horacio Rodr\u00edguez Larreta, del senador nacional, Diego Santilli, del subsecretario de Uso del Espacio P\u00fablico, Patricio Di Stefano, y del reconocido chef Donato De Santis, la Ciudad puso en funcionamiento 24 nuevos carritos en la Costanera Sur, con mejores condiciones de higiene, seguridad y dise\u00f1o para todos [&hellip;]<\/p>\n","protected":false},"author":2,"featured_media":24321,"comment_status":"open","ping_status":"open","sticky":false,"template":"","format":"standard","meta":{"_et_pb_use_builder":"","_et_pb_old_content":"","_et_gb_content_width":"","footnotes":""},"categories":[11,44],"tags":[],"class_list":["post-24320","post","type-post","status-publish","format-standard","has-post-thumbnail","hentry","category-ciudad","category-funcionarios-de-la-caba"],"_links":{"self":[{"href":"https:\/\/vocesdebaires.com.ar\/index.php\/wp-json\/wp\/v2\/posts\/24320"}],"collection":[{"href":"https:\/\/vocesdebaires.com.ar\/index.php\/wp-json\/wp\/v2\/posts"}],"about":[{"href":"https:\/\/vocesdebaires.com.ar\/index.php\/wp-json\/wp\/v2\/types\/post"}],"author":[{"embeddable":true,"href":"https:\/\/vocesdebaires.com.ar\/index.php\/wp-json\/wp\/v2\/users\/2"}],"replies":[{"embeddable":true,"href":"https:\/\/vocesdebaires.com.ar\/index.php\/wp-json\/wp\/v2\/comments?post=24320"}],"version-history":[{"count":0,"href":"https:\/\/vocesdebaires.com.ar\/index.php\/wp-json\/wp\/v2\/posts\/24320\/revisions"}],"wp:featuredmedia":[{"embeddable":true,"href":"https:\/\/vocesdebaires.com.ar\/index.php\/wp-json\/wp\/v2\/media\/24321"}],"wp:attachment":[{"href":"https:\/\/vocesdebaires.com.ar\/index.php\/wp-json\/wp\/v2\/media?parent=24320"}],"wp:term":[{"taxonomy":"category","embeddable":true,"href":"https:\/\/vocesdebaires.com.ar\/index.php\/wp-json\/wp\/v2\/categories?post=24320"},{"taxonomy":"post_tag","embeddable":true,"href":"https:\/\/vocesdebaires.com.ar\/index.php\/wp-json\/wp\/v2\/tags?post=24320"}],"curies":[{"name":"wp","href":"https:\/\/api.w.org\/{rel}","templated":true}]}}