{"id":24324,"date":"2014-08-15T21:00:58","date_gmt":"2014-08-16T00:00:58","guid":{"rendered":"http:\/\/vocesdebaires.com.ar\/wordpress\/index.php\/2014\/08\/15\/vidal-visito-san-miguel-y-junin\/"},"modified":"2014-08-15T21:00:58","modified_gmt":"2014-08-16T00:00:58","slug":"vidal-visito-san-miguel-y-junin","status":"publish","type":"post","link":"https:\/\/vocesdebaires.com.ar\/index.php\/2014\/08\/15\/vidal-visito-san-miguel-y-junin\/","title":{"rendered":"Vidal: Visito San Miguel y Junin"},"content":{"rendered":"<p><span style=\"line-height: 1.3em;\"> La referente del Pro bonaerense, Mar\u00eda \u00a0Eugenia Vidal, visit\u00f3 \u00a0el municipio de San Miguel donde reiter\u00f3 que \u201cno es momento de candidaturas ni de opinar de otros espacios\u201d y se\u00f1al\u00f3 que \u00aben este momento los m\u00e1s importante es mejorar la inclusi\u00f3n\u00bb\u00bb. <\/span><span style=\"line-height: 1.3em;\">\u201cNosotros hablamos con lo que hacemos y apostamos a ser la tercera v\u00eda, algo distinto. Muchos ciudadanos que no encontraban su lugar ahora, con la candidatura de Mauricio, sienten que es posible un cambio\u201d, sostuvo Vidal luego de participar de la apertura de un local partidario en barrio Obligado de Bella Vista y dialogar con vecinos en la plaza de San Miguel.<\/span><\/p>\n<p><span style=\"line-height: 1.3em;\">Adem\u00e1s, durante una recorrida por el Centro De Integraci\u00f3n Barrial de San Miguel la dirigente del Pro destac\u00f3 \u201cla importancia de mejorar la inclusi\u00f3n social\u201d y explic\u00f3: \u201cNo hay pol\u00edtica de seguridad que sea efectiva si los chicos no van a clase o si los j\u00f3venes que terminan el secundario no pueden conseguir un empleo. Hay un trabajo de inclusi\u00f3n para hacer que va en paralelo a mejorar la seguridad y la justicia\u201d.<\/span><\/p>\n<p>&#8212;&#8212;&#8212;&#8212;&#8212;&#8212;&#8212;&#8212;&#8212;&#8212;&#8212;&#8212;&#8212;&#8212;&#8212;&#8212;&#8212;&#8212;&#8212;&#8212;&#8212;&#8212;&#8212;&#8212;&#8212;&#8212;&#8212;&#8212;&#8212;&#8212;&#8212;&#8212;&#8212;&#8212;&#8212;&#8212;&#8212;&#8212;&#8212;&#8212;&#8212;&#8212;&#8212;&#8212;&#8212;&#8212;&#8212;&#8212;&#8212;&#8212;&#8212;&#8212;&#8212;&#8212;&#8212;&#8212;&#8212;&#8212;&#8212;&#8212;&#8212;&#8212;&#8212;&#8212;&#8212;&#8211;<\/p>\n<p><span style=\"line-height: 1.3em;\">\u00abEl cambio se va a dar cuando la pol\u00edtica deje de ser un club cerrado\u00bb<\/span><\/p>\n<p><span style=\"line-height: 1.3em;\">-La vicejefa CABA , Mar\u00eda Eugenia Vidal, afirm\u00f3 que \u201cen la Provincia vamos a trabajar para solucionar los problemas que le preocupan a la gente\u201d. Adem\u00e1s plante\u00f3 que \u201cel cambio se va a dar cuando la pol\u00edtica deje de ser un club cerrado, y los que nunca hicieron pol\u00edtica empiecen a hacerlo\u00bb.<\/span><span style=\"line-height: 1.3em;\">Durante una visita a Jun\u00edn, Vidal sostuvo que \u00abpese a los problemas de la Provincia, no nos tenemos que resignar a vivir as\u00ed, porque se puede estar mucho mejor\u00bb. Y agreg\u00f3: \u201cNo lo decimos como un lindo discurso, sino a partir de lo que hicimos en la Ciudad y de lo que demostramos que se puede hacer con un equipo de gente nueva que trabaja con profesionalismo y en equipo\u00bb.<\/span><span style=\"line-height: 1.3em;\">Acompa\u00f1ada por el referente local del macrismo, Pablo Petrecca, Vidal se reuni\u00f3 con vecinos y luego visit\u00f3 la Expo Rural de Jun\u00edn.<\/span><\/p>\n<p><span style=\"line-height: 1.3em;\">Sobre la posibilidad de lograr acuerdos con otras fuerzas de cara a 2015, Vidal se\u00f1al\u00f3: \u00a0\u00abHoy estamos apostando a lo propio, porque tenemos que ser muy cuidadosos de esta alternativa real que estamos construyendo. En Argentina no da para seguir con boletas donde cambia el de arriba porque le cae mejor a la gente y todos los de abajo siguen siendo los mismos. Queremos una boleta que exprese que somos algo distinto, y no s\u00f3lo con Mauricio, sino con todos lo que integramos el Pro\u00bb.<\/span><\/p>\n","protected":false},"excerpt":{"rendered":"<p>La referente del Pro bonaerense, Mar\u00eda \u00a0Eugenia Vidal, visit\u00f3 \u00a0el municipio de San Miguel donde reiter\u00f3 que \u201cno es momento de candidaturas ni de opinar de otros espacios\u201d y se\u00f1al\u00f3 que \u00aben este momento los m\u00e1s importante es mejorar la inclusi\u00f3n\u00bb\u00bb. \u201cNosotros hablamos con lo que hacemos y apostamos a ser la tercera v\u00eda, algo [&hellip;]<\/p>\n","protected":false},"author":2,"featured_media":24325,"comment_status":"open","ping_status":"open","sticky":false,"template":"","format":"standard","meta":{"_et_pb_use_builder":"","_et_pb_old_content":"","_et_gb_content_width":"","footnotes":""},"categories":[11,44],"tags":[],"class_list":["post-24324","post","type-post","status-publish","format-standard","has-post-thumbnail","hentry","category-ciudad","category-funcionarios-de-la-caba"],"_links":{"self":[{"href":"https:\/\/vocesdebaires.com.ar\/index.php\/wp-json\/wp\/v2\/posts\/24324"}],"collection":[{"href":"https:\/\/vocesdebaires.com.ar\/index.php\/wp-json\/wp\/v2\/posts"}],"about":[{"href":"https:\/\/vocesdebaires.com.ar\/index.php\/wp-json\/wp\/v2\/types\/post"}],"author":[{"embeddable":true,"href":"https:\/\/vocesdebaires.com.ar\/index.php\/wp-json\/wp\/v2\/users\/2"}],"replies":[{"embeddable":true,"href":"https:\/\/vocesdebaires.com.ar\/index.php\/wp-json\/wp\/v2\/comments?post=24324"}],"version-history":[{"count":0,"href":"https:\/\/vocesdebaires.com.ar\/index.php\/wp-json\/wp\/v2\/posts\/24324\/revisions"}],"wp:featuredmedia":[{"embeddable":true,"href":"https:\/\/vocesdebaires.com.ar\/index.php\/wp-json\/wp\/v2\/media\/24325"}],"wp:attachment":[{"href":"https:\/\/vocesdebaires.com.ar\/index.php\/wp-json\/wp\/v2\/media?parent=24324"}],"wp:term":[{"taxonomy":"category","embeddable":true,"href":"https:\/\/vocesdebaires.com.ar\/index.php\/wp-json\/wp\/v2\/categories?post=24324"},{"taxonomy":"post_tag","embeddable":true,"href":"https:\/\/vocesdebaires.com.ar\/index.php\/wp-json\/wp\/v2\/tags?post=24324"}],"curies":[{"name":"wp","href":"https:\/\/api.w.org\/{rel}","templated":true}]}}