{"id":24425,"date":"2014-08-26T13:33:54","date_gmt":"2014-08-26T16:33:54","guid":{"rendered":"http:\/\/vocesdebaires.com.ar\/wordpress\/index.php\/2014\/08\/26\/suspendieron-los-tres-partidos-de-primera-del-jueves\/"},"modified":"2014-08-26T13:33:54","modified_gmt":"2014-08-26T16:33:54","slug":"suspendieron-los-tres-partidos-de-primera-del-jueves","status":"publish","type":"post","link":"https:\/\/vocesdebaires.com.ar\/index.php\/2014\/08\/26\/suspendieron-los-tres-partidos-de-primera-del-jueves\/","title":{"rendered":"Suspendieron los tres partidos de Primera del jueves"},"content":{"rendered":"<p><span style=\"font-family: Helvetica, Arial, sans-serif; font-size: 15px; line-height: 15.119999885559082px;\">Los que planeaban aprovechar alguna ventaja laboral o en el colegio frente al paro del jueves para escaparse a ver jugar al club de sus amores, no tendr\u00e1n esa suerte. Por la huelga general convocada por Moyano y Barrionuevo, se suspendieron los tres partidos de Primera previstos para ese d\u00eda. <\/span><br style=\"outline: none 0px; font-family: Helvetica, Arial, sans-serif; font-size: 15px; line-height: 15.119999885559082px;\" \/><br style=\"outline: none 0px; font-family: Helvetica, Arial, sans-serif; font-size: 15px; line-height: 15.119999885559082px;\" \/><span style=\"font-family: Helvetica, Arial, sans-serif; font-size: 15px; line-height: 15.119999885559082px;\">Sucede que los empleados de la Uni\u00f3n de Trabajadores de Entidades Deportivas y Civiles (UTEDYC) adhirieron a la medida de fuerza encabezada por el l\u00edder (y ahora tambi\u00e9n presidente de Independiente) y titular de la CGT anti K y el referente de los gastron\u00f3micos. <\/span><br style=\"outline: none 0px; font-family: Helvetica, Arial, sans-serif; font-size: 15px; line-height: 15.119999885559082px;\" \/><br style=\"outline: none 0px; font-family: Helvetica, Arial, sans-serif; font-size: 15px; line-height: 15.119999885559082px;\" \/><span style=\"font-family: Helvetica, Arial, sans-serif; font-size: 15px; line-height: 15.119999885559082px;\">Por lo tanto, Banfield-Tigre, V\u00e9lez-Lan\u00fas y Quilmes-San Lorenzo deber\u00e1n ser reprogramados por la AFA. En primera instancia, se especula con que podr\u00edan disputarse la pr\u00f3xima semana, aunque tambi\u00e9n deber\u00edan reprogramar la quinta fecha.<\/span><\/p>\n","protected":false},"excerpt":{"rendered":"<p>Los que planeaban aprovechar alguna ventaja laboral o en el colegio frente al paro del jueves para escaparse a ver jugar al club de sus amores, no tendr\u00e1n esa suerte. Por la huelga general convocada por Moyano y Barrionuevo, se suspendieron los tres partidos de Primera previstos para ese d\u00eda. Sucede que los empleados de [&hellip;]<\/p>\n","protected":false},"author":2,"featured_media":0,"comment_status":"open","ping_status":"open","sticky":false,"template":"","format":"standard","meta":{"_et_pb_use_builder":"","_et_pb_old_content":"","_et_gb_content_width":"","footnotes":""},"categories":[39,14],"tags":[],"class_list":["post-24425","post","type-post","status-publish","format-standard","hentry","category-1o-division-a","category-deportes"],"_links":{"self":[{"href":"https:\/\/vocesdebaires.com.ar\/index.php\/wp-json\/wp\/v2\/posts\/24425"}],"collection":[{"href":"https:\/\/vocesdebaires.com.ar\/index.php\/wp-json\/wp\/v2\/posts"}],"about":[{"href":"https:\/\/vocesdebaires.com.ar\/index.php\/wp-json\/wp\/v2\/types\/post"}],"author":[{"embeddable":true,"href":"https:\/\/vocesdebaires.com.ar\/index.php\/wp-json\/wp\/v2\/users\/2"}],"replies":[{"embeddable":true,"href":"https:\/\/vocesdebaires.com.ar\/index.php\/wp-json\/wp\/v2\/comments?post=24425"}],"version-history":[{"count":0,"href":"https:\/\/vocesdebaires.com.ar\/index.php\/wp-json\/wp\/v2\/posts\/24425\/revisions"}],"wp:attachment":[{"href":"https:\/\/vocesdebaires.com.ar\/index.php\/wp-json\/wp\/v2\/media?parent=24425"}],"wp:term":[{"taxonomy":"category","embeddable":true,"href":"https:\/\/vocesdebaires.com.ar\/index.php\/wp-json\/wp\/v2\/categories?post=24425"},{"taxonomy":"post_tag","embeddable":true,"href":"https:\/\/vocesdebaires.com.ar\/index.php\/wp-json\/wp\/v2\/tags?post=24425"}],"curies":[{"name":"wp","href":"https:\/\/api.w.org\/{rel}","templated":true}]}}