{"id":2448,"date":"2020-05-14T03:00:00","date_gmt":"2020-05-14T06:00:00","guid":{"rendered":"http:\/\/vocesdebaires.com.ar\/wordpress\/index.php\/2020\/05\/14\/cultura-acerca-del-cierre-de-la-institucion\/"},"modified":"2020-05-14T03:00:00","modified_gmt":"2020-05-14T06:00:00","slug":"cultura-acerca-del-cierre-de-la-institucion","status":"publish","type":"post","link":"https:\/\/vocesdebaires.com.ar\/index.php\/2020\/05\/14\/cultura-acerca-del-cierre-de-la-institucion\/","title":{"rendered":"Cultura acerca del cierre de la instituci\u00f3n"},"content":{"rendered":"<p>La Comisi\u00f3n de Cultura e la Legislatura de la Ciudad de Buenos Aires, presidida por el legislador Roy Cortina (PS), se reuni\u00f3 ayer en videoconferencia y comparti\u00f3 un intercambio de preguntas con el director del Centro Cultural General San Mart\u00edn, Diego Berardo, quien record\u00f3 el 50 aniversario de la instituci\u00f3n celebrado el 8 de mayo pasado. \u00abPara el aniversario quer\u00edamos armar una programaci\u00f3n vinculada a las artes esc\u00e9nicas que fuera contundente en sentido de la participaci\u00f3n de obras, y adem\u00e1s representativa en cuanto a promover la igualdad de g\u00e9nero y la mayor participaci\u00f3n de la mujer en la cultura. Se present\u00f3 la programaci\u00f3n pero tuvimos que cancelarla una vez que comenz\u00f3 la problem\u00e1tica de la pandemia\u00bb, expres\u00f3 Berardo.<\/p>\n<p>Tambi\u00e9n cont\u00f3 c\u00f3mo fue la previa al cierre del centro debido a la pandemia del coronavirus y la manera en que tuvieron que empezar a manejarse a partir de la nueva situaci\u00f3n de cuarentena: \u00abTuvimos que repensar una propuesta para llevar la cultura a la casa de los vecinos de la Ciudad, y con respecto a nosotros, analizar todo lo que ven\u00edamos planeando para el centro que no solo tiene que ver con teatro, sino que abarca un arte mucho m\u00e1s amplio y variado. Empezamos a publicar nuestra programaci\u00f3n en la plataforma \u00abCultura en casa\u00bb, y afortunadamente tenemos mucho material de archivo para aportar\u00bb.<\/p>\n<p>Con respecto a la situaci\u00f3n de los artistas y trabajadores de la instituci\u00f3n, afirm\u00f3 que est\u00e1n trabajando en un espacio de di\u00e1logo con los artistas para que puedan ser escuchados y tengan apoyo para lograr llevar su situaci\u00f3n de emergencia de la mejor manera posible. Adem\u00e1s cont\u00f3 que se lanzaron l\u00edneas de financiamiento con el fin de que puedan presentar sus proyectos online, y que tambi\u00e9n est\u00e1n brind\u00e1ndoles formaci\u00f3n para que eso suceda.<\/p>\n<p>En relaci\u00f3n al futuro y la reapertura del centro, Berardo explic\u00f3 que est\u00e1n trabajando para que cuando los autoricen a abrir puedan volver a dialogar con los artistas con el objetivo de reformular la programaci\u00f3n que hab\u00edan armado y reprogramarla para el momento pautado. Expres\u00f3 que \u00abel futuro del espacio esc\u00e9nico es lo que tenemos que pensar con mucha responsabilidad e inteligencia ya que estamos viviendo en una situaci\u00f3n complicada, el p\u00fablico tiene temor de volver a lugares cerrados donde el distanciamiento social es dif\u00edcil y reci\u00e9n suceder\u00e1 cuando est\u00e9n seguros de que pueden hacerlo sin riesgo\u00bb. En este sentido se plante\u00f3 la posibilidad de utilizar el espacio p\u00fablico al aire libre para realizar diferentes intervenciones de arte y que sea el lugar de encuentro de la gente.<\/p>\n<p>\u00abPara nosotros la cultura es primordial, discutir las ideas en torno a ella es muy importante y estamos en condiciones de potenciarla y construir desde ese lugar una propuesta mucho m\u00e1s amplia. Poder encontrarnos y debatir desde la indiferencia es esencial, y a\u00fan m\u00e1s en un lugar como el Centro Cultural General San Mart\u00edn que posee una diversidad cultural enorme entre lo emergente y lo pionero\u00bb, concluy\u00f3 Diego. Los legisladores que tambi\u00e9n participaron de la reuni\u00f3n virtual e intercambiaron preguntas con el Director del CCGSM fueron Guillermo Su\u00e1rez, Natalia Fidel, Mar\u00eda Luisa Estevarena, Carolina Estebarena (VJ), Marcelo Guouman y Patricia Vischi (UCR).<\/p>\n","protected":false},"excerpt":{"rendered":"<p>La Comisi\u00f3n de Cultura e la Legislatura de la Ciudad de Buenos Aires, presidida por el legislador Roy Cortina (PS), se reuni\u00f3 ayer en videoconferencia y comparti\u00f3 un intercambio de preguntas con el director del Centro Cultural General San Mart\u00edn, Diego Berardo, quien record\u00f3 el 50 aniversario de la instituci\u00f3n celebrado el 8 de mayo [&hellip;]<\/p>\n","protected":false},"author":1,"featured_media":2449,"comment_status":"open","ping_status":"open","sticky":false,"template":"","format":"standard","meta":{"_et_pb_use_builder":"","_et_pb_old_content":"","_et_gb_content_width":"","footnotes":""},"categories":[11,33],"tags":[],"class_list":["post-2448","post","type-post","status-publish","format-standard","has-post-thumbnail","hentry","category-ciudad","category-sociedad-y-cultura-2"],"_links":{"self":[{"href":"https:\/\/vocesdebaires.com.ar\/index.php\/wp-json\/wp\/v2\/posts\/2448"}],"collection":[{"href":"https:\/\/vocesdebaires.com.ar\/index.php\/wp-json\/wp\/v2\/posts"}],"about":[{"href":"https:\/\/vocesdebaires.com.ar\/index.php\/wp-json\/wp\/v2\/types\/post"}],"author":[{"embeddable":true,"href":"https:\/\/vocesdebaires.com.ar\/index.php\/wp-json\/wp\/v2\/users\/1"}],"replies":[{"embeddable":true,"href":"https:\/\/vocesdebaires.com.ar\/index.php\/wp-json\/wp\/v2\/comments?post=2448"}],"version-history":[{"count":0,"href":"https:\/\/vocesdebaires.com.ar\/index.php\/wp-json\/wp\/v2\/posts\/2448\/revisions"}],"wp:featuredmedia":[{"embeddable":true,"href":"https:\/\/vocesdebaires.com.ar\/index.php\/wp-json\/wp\/v2\/media\/2449"}],"wp:attachment":[{"href":"https:\/\/vocesdebaires.com.ar\/index.php\/wp-json\/wp\/v2\/media?parent=2448"}],"wp:term":[{"taxonomy":"category","embeddable":true,"href":"https:\/\/vocesdebaires.com.ar\/index.php\/wp-json\/wp\/v2\/categories?post=2448"},{"taxonomy":"post_tag","embeddable":true,"href":"https:\/\/vocesdebaires.com.ar\/index.php\/wp-json\/wp\/v2\/tags?post=2448"}],"curies":[{"name":"wp","href":"https:\/\/api.w.org\/{rel}","templated":true}]}}