{"id":2460,"date":"2020-05-13T03:00:00","date_gmt":"2020-05-13T06:00:00","guid":{"rendered":"http:\/\/vocesdebaires.com.ar\/wordpress\/index.php\/2020\/05\/13\/regulan-salidas-en-funcion-del-numero-del-dni\/"},"modified":"2020-05-13T03:00:00","modified_gmt":"2020-05-13T06:00:00","slug":"regulan-salidas-en-funcion-del-numero-del-dni","status":"publish","type":"post","link":"https:\/\/vocesdebaires.com.ar\/index.php\/2020\/05\/13\/regulan-salidas-en-funcion-del-numero-del-dni\/","title":{"rendered":"Regulan salidas en funci\u00f3n del n\u00famero del DNI"},"content":{"rendered":"<p>\u00bfC\u00f3mo se regular\u00e1n las salidas de quienes necesitan hacer compras no esenciales?<\/p>\n<p>La regulaci\u00f3n de salidas en funci\u00f3n del n\u00famero final del DNI. Los pares los d\u00edas pares y los impares, los d\u00edas impares, de lunes a viernes. Como en el caso de los comercios esenciales, los padres est\u00e1n autorizados a ingresar a los comercios acompa\u00f1ados de sus hijas e hijos o ni\u00f1as o ni\u00f1os que se encuentren a su cargo, de hasta 12 a\u00f1os de edad, siempre y cuando no puedan dejarlos en su casa a cuidado de otra persona. Se va a apelar a la responsabilidad de la gente para que haya la menor cantidad de personas movi\u00e9ndose en las calles para evitar la transmisi\u00f3n del virus.<\/p>\n<p>Paseo con chicos<br \/>Se podr\u00e1n hacer s\u00e1bado y domingo (a partir del s\u00e1bado 16\/5). Hijos, hijas, o menores a cargo con un adulto.<\/p>\n<p>Para chicos de hasta 15 a\u00f1os inclusive.<br \/>S\u00f3lo los fines de semana.<br \/>DNI del padre\/madre\/responsable a cargo que los lleva.<br \/>DNI terminado en PAR: d\u00edas pares.<br \/>DNI terminado en IMPAR: d\u00edas impares.<br \/>M\u00e1ximo una hora.<br \/>Hasta 500 metros de la casa.<br \/>Menores de 6 a\u00f1os no es obligatorio el uso de tapabocas.<br \/>En plazas y parques solo se puede circular por las veredas y caminos internos siempre y cuando este abierto (sin rejas).<br \/>Compras en comercios esenciales<br \/>Mercados de cercan\u00eda y supermercados: siguen como hasta ahora. Se puede ir cualquier d\u00eda, siempre con tapabocas.<\/p>\n<p>Protocolo de Implementaci\u00f3n para los Comercios<br \/>M\u00e1xima ocupaci\u00f3n simult\u00e1nea: una persona cada 15 m2.<br \/>Clientes: n\u00famero par en el DNI concurre d\u00edas par. N\u00famero impar en el DNI concurre d\u00edas impar.<br \/>Empleados: se desafectan los grupos de riesgo.<br \/>Ingreso al comercio sin acompa\u00f1antes (a menos que no puedan dejar a el o los menores, de hasta 12 a\u00f1os de edad, en su hogar con otro adulto).<br \/>Se recomienda el uso de medios de pago electr\u00f3nico.<br \/>Intervenciones en el espacio p\u00fablico para promover el distanciamiento social<\/p>\n<p>Se van a hacer peatonales, de manera parcial o total aproximadamente 100 calles de la Ciudad para asegurar el distanciamiento social y tratar de evitar aglomeraciones e incentivar el comercio de escala barrial sin utilizar medios de transporte p\u00fablico, promoviendo la movilidad peatonal y la bicicleta, para as\u00ed evitar el contagio del coronavirus.Por otro lado, se pone a disposici\u00f3n de los comerciantes un manual para que adopten medidas de protecci\u00f3n.Con esto, podr\u00e1n intervenir el espacio cercano a su comercio para promover la distancia personal en la espera y ordenar las filas de usuarios en el interior y exterior de los locales, y las zonas de espera para repartidores.Se detallan los materiales y t\u00e9cnicas de producci\u00f3n, y se definen los componentes de dise\u00f1o (est\u00e9nciles, criterios de colores, etc.) necesarios para que el comerciante pueda hacer la intervenci\u00f3n independientemente.<\/p>\n","protected":false},"excerpt":{"rendered":"<p>\u00bfC\u00f3mo se regular\u00e1n las salidas de quienes necesitan hacer compras no esenciales? La regulaci\u00f3n de salidas en funci\u00f3n del n\u00famero final del DNI. Los pares los d\u00edas pares y los impares, los d\u00edas impares, de lunes a viernes. Como en el caso de los comercios esenciales, los padres est\u00e1n autorizados a ingresar a los comercios [&hellip;]<\/p>\n","protected":false},"author":1,"featured_media":2461,"comment_status":"open","ping_status":"open","sticky":false,"template":"","format":"standard","meta":{"_et_pb_use_builder":"","_et_pb_old_content":"","_et_gb_content_width":"","footnotes":""},"categories":[11,33],"tags":[],"class_list":["post-2460","post","type-post","status-publish","format-standard","has-post-thumbnail","hentry","category-ciudad","category-sociedad-y-cultura-2"],"_links":{"self":[{"href":"https:\/\/vocesdebaires.com.ar\/index.php\/wp-json\/wp\/v2\/posts\/2460"}],"collection":[{"href":"https:\/\/vocesdebaires.com.ar\/index.php\/wp-json\/wp\/v2\/posts"}],"about":[{"href":"https:\/\/vocesdebaires.com.ar\/index.php\/wp-json\/wp\/v2\/types\/post"}],"author":[{"embeddable":true,"href":"https:\/\/vocesdebaires.com.ar\/index.php\/wp-json\/wp\/v2\/users\/1"}],"replies":[{"embeddable":true,"href":"https:\/\/vocesdebaires.com.ar\/index.php\/wp-json\/wp\/v2\/comments?post=2460"}],"version-history":[{"count":0,"href":"https:\/\/vocesdebaires.com.ar\/index.php\/wp-json\/wp\/v2\/posts\/2460\/revisions"}],"wp:featuredmedia":[{"embeddable":true,"href":"https:\/\/vocesdebaires.com.ar\/index.php\/wp-json\/wp\/v2\/media\/2461"}],"wp:attachment":[{"href":"https:\/\/vocesdebaires.com.ar\/index.php\/wp-json\/wp\/v2\/media?parent=2460"}],"wp:term":[{"taxonomy":"category","embeddable":true,"href":"https:\/\/vocesdebaires.com.ar\/index.php\/wp-json\/wp\/v2\/categories?post=2460"},{"taxonomy":"post_tag","embeddable":true,"href":"https:\/\/vocesdebaires.com.ar\/index.php\/wp-json\/wp\/v2\/tags?post=2460"}],"curies":[{"name":"wp","href":"https:\/\/api.w.org\/{rel}","templated":true}]}}