{"id":24610,"date":"2014-09-11T15:56:12","date_gmt":"2014-09-11T18:56:12","guid":{"rendered":"http:\/\/vocesdebaires.com.ar\/wordpress\/index.php\/2014\/09\/11\/river-boca-finalmente-se-jugara-el-5-de-octubre\/"},"modified":"2014-09-11T15:56:12","modified_gmt":"2014-09-11T18:56:12","slug":"river-boca-finalmente-se-jugara-el-5-de-octubre","status":"publish","type":"post","link":"https:\/\/vocesdebaires.com.ar\/index.php\/2014\/09\/11\/river-boca-finalmente-se-jugara-el-5-de-octubre\/","title":{"rendered":"River-Boca: finalmente, se jugar\u00e1 el 5 de octubre"},"content":{"rendered":"<p><span style=\"line-height: 1.3em;\">La era pos Julio Grondona no arranc\u00f3 nada bien. Por lo menos desde lo organizativo. Es que, una vez m\u00e1s, la Asociaci\u00f3n del F\u00fatbol Argentino decidi\u00f3 modificar las fechas del Campeonato y, con la anulaci\u00f3n de la jornada entresemana, alter\u00f3 todo el fixture. As\u00ed, el Supercl\u00e1sico ahora se jugar\u00e1 el domingo 5 de octubre en lugar del 28 de septiembre, partido que corresponder\u00e1 a la 10\u00aa fecha del torneo. Sin embargo, esta nueva desprolijidad de la AFA no s\u00f3lo modific\u00f3 el River-Boca, sino que tambi\u00e9n corri\u00f3 la finalizaci\u00f3n del certamen, que se extender\u00e1 hasta el 7 de diciembre.<\/span><\/p>\n<p><span style=\"line-height: 1.3em;\">Pero hay m\u00e1s, porque este tipo de decisiones tiene un efecto domin\u00f3. Entonces, tambi\u00e9n se intercambiaron los d\u00edas de los cruces de River y Boca por la Copa Sudamericana, la semana pr\u00f3xima. El equipo de Rodolfo Arruabarrena, que iba a jugar el mi\u00e9rcoles ante Central, lo har\u00e1 el jueves, mientras que el de Marcelo Gallardo disputar\u00e1 la revancha ante Godoy Cruz el mi\u00e9rcoles. \u00bfY la Copa Argentina? Tambi\u00e9n se alter\u00f3: San Lorenzo-Defensa y Justicia se jugar\u00e1 el pr\u00f3ximo mi\u00e9rcoles. Un d\u00eda despu\u00e9s, lo deber\u00e1n hacer Racing y Argentinos. En tanto que los duelos entre Banfield-Hurac\u00e1n y Tigre-Central se disputar\u00e1n entre el 23 y el 25 de septiembre. Un <\/span><span style=\"line-height: 1.3em;\">Papel\u00f3n.<\/span><\/p>\n","protected":false},"excerpt":{"rendered":"<p>La era pos Julio Grondona no arranc\u00f3 nada bien. Por lo menos desde lo organizativo. Es que, una vez m\u00e1s, la Asociaci\u00f3n del F\u00fatbol Argentino decidi\u00f3 modificar las fechas del Campeonato y, con la anulaci\u00f3n de la jornada entresemana, alter\u00f3 todo el fixture. As\u00ed, el Supercl\u00e1sico ahora se jugar\u00e1 el domingo 5 de octubre en [&hellip;]<\/p>\n","protected":false},"author":2,"featured_media":24611,"comment_status":"open","ping_status":"open","sticky":false,"template":"","format":"standard","meta":{"_et_pb_use_builder":"","_et_pb_old_content":"","_et_gb_content_width":"","footnotes":""},"categories":[39,14],"tags":[],"class_list":["post-24610","post","type-post","status-publish","format-standard","has-post-thumbnail","hentry","category-1o-division-a","category-deportes"],"_links":{"self":[{"href":"https:\/\/vocesdebaires.com.ar\/index.php\/wp-json\/wp\/v2\/posts\/24610"}],"collection":[{"href":"https:\/\/vocesdebaires.com.ar\/index.php\/wp-json\/wp\/v2\/posts"}],"about":[{"href":"https:\/\/vocesdebaires.com.ar\/index.php\/wp-json\/wp\/v2\/types\/post"}],"author":[{"embeddable":true,"href":"https:\/\/vocesdebaires.com.ar\/index.php\/wp-json\/wp\/v2\/users\/2"}],"replies":[{"embeddable":true,"href":"https:\/\/vocesdebaires.com.ar\/index.php\/wp-json\/wp\/v2\/comments?post=24610"}],"version-history":[{"count":0,"href":"https:\/\/vocesdebaires.com.ar\/index.php\/wp-json\/wp\/v2\/posts\/24610\/revisions"}],"wp:featuredmedia":[{"embeddable":true,"href":"https:\/\/vocesdebaires.com.ar\/index.php\/wp-json\/wp\/v2\/media\/24611"}],"wp:attachment":[{"href":"https:\/\/vocesdebaires.com.ar\/index.php\/wp-json\/wp\/v2\/media?parent=24610"}],"wp:term":[{"taxonomy":"category","embeddable":true,"href":"https:\/\/vocesdebaires.com.ar\/index.php\/wp-json\/wp\/v2\/categories?post=24610"},{"taxonomy":"post_tag","embeddable":true,"href":"https:\/\/vocesdebaires.com.ar\/index.php\/wp-json\/wp\/v2\/tags?post=24610"}],"curies":[{"name":"wp","href":"https:\/\/api.w.org\/{rel}","templated":true}]}}