{"id":24751,"date":"2014-09-29T13:19:19","date_gmt":"2014-09-29T16:19:19","guid":{"rendered":"http:\/\/vocesdebaires.com.ar\/wordpress\/index.php\/2014\/09\/29\/el-estadio-diego-a-maradona-es-de-interes-cultural\/"},"modified":"2014-09-29T13:19:19","modified_gmt":"2014-09-29T16:19:19","slug":"el-estadio-diego-a-maradona-es-de-interes-cultural","status":"publish","type":"post","link":"https:\/\/vocesdebaires.com.ar\/index.php\/2014\/09\/29\/el-estadio-diego-a-maradona-es-de-interes-cultural\/","title":{"rendered":"El estadio Diego A. Maradona es de Inter\u00e9s Cultural"},"content":{"rendered":"<p><span style=\"line-height: 1.3em;\">El estadio \u00abDiego Armando Maradona\u00bb y su museo \u00abEl Templo del Futbol\u00bb fueron declarados de inter\u00e9s cultural con motivo del 110\u00b0 aniversario de la Asociaci\u00f3n Atl\u00e9tica Argentinos Juniors. Tambi\u00e9n se dispuso la colocaci\u00f3n de una placa en el estadio de f\u00fatbol ubicado sobre la calle Gavil\u00e1n, en el barrio de La Paternal.<\/span><\/p>\n<p>La iniciativa del diputado Claudio Palmeyro (SP) destaca en los fundamentos que \u00abse pretende celebrar el aniversario de una de las instituciones sociales y deportivas m\u00e1s destacadas de nuestra ciudad: Argentinos Juniors, el querido club del barrio porte\u00f1o de La Paternal\u00bb. Un 15 de agosto de 1904 nace la Asociaci\u00f3n Atl\u00e9tica y Futbol\u00edstica, Argentinos Unidos de Villa Crespo. La simpat\u00eda de sus fundadores por las ideas socialistas ti\u00f1\u00f3 de rojo la camiseta pero a la hora de realizar las casacas, el largo nombre elegido ser\u00eda un problema econ\u00f3mico (era muy caro y dif\u00edcil para confeccionarlo en el escudo) y para achicar los gastos se elige definitivamente usar Asociaci\u00f3n Atl\u00e9tica Argentinos Juniors.<\/p>\n<p>El Templo Del Futbol (primer museo del pa\u00eds, hecho por hinchas y socios de una instituci\u00f3n) es un lugar de paso obligado para turistas amantes del deporte, en donde se pueden encontrar camisetas de todos los tiempos, fotograf\u00edas in\u00e9ditas, y mucho material para el aficionado al futbol en general. Adem\u00e1s en el museo, se llevan a cabo actividades para ni\u00f1os y para la tercera edad en El Rinc\u00f3n del Vitalicio.<span style=\"line-height: 1.3em;\">El club es considerado \u00abSemillero del Mundo\u00bb, ya que fruto de su cantera de f\u00fatbol juvenil dio excelentes jugadores que han triunfado en el f\u00fatbol mundial, entre ellos Diego Armando Maradona, Juan Rom\u00e1n Riquelme y Esteban Cambiasso s\u00f3lo por nombrar algunos.<\/span><\/p>\n","protected":false},"excerpt":{"rendered":"<p>El estadio \u00abDiego Armando Maradona\u00bb y su museo \u00abEl Templo del Futbol\u00bb fueron declarados de inter\u00e9s cultural con motivo del 110\u00b0 aniversario de la Asociaci\u00f3n Atl\u00e9tica Argentinos Juniors. Tambi\u00e9n se dispuso la colocaci\u00f3n de una placa en el estadio de f\u00fatbol ubicado sobre la calle Gavil\u00e1n, en el barrio de La Paternal. La iniciativa del [&hellip;]<\/p>\n","protected":false},"author":2,"featured_media":23607,"comment_status":"open","ping_status":"open","sticky":false,"template":"","format":"standard","meta":{"_et_pb_use_builder":"","_et_pb_old_content":"","_et_gb_content_width":"","footnotes":""},"categories":[39,14],"tags":[],"class_list":["post-24751","post","type-post","status-publish","format-standard","has-post-thumbnail","hentry","category-1o-division-a","category-deportes"],"_links":{"self":[{"href":"https:\/\/vocesdebaires.com.ar\/index.php\/wp-json\/wp\/v2\/posts\/24751"}],"collection":[{"href":"https:\/\/vocesdebaires.com.ar\/index.php\/wp-json\/wp\/v2\/posts"}],"about":[{"href":"https:\/\/vocesdebaires.com.ar\/index.php\/wp-json\/wp\/v2\/types\/post"}],"author":[{"embeddable":true,"href":"https:\/\/vocesdebaires.com.ar\/index.php\/wp-json\/wp\/v2\/users\/2"}],"replies":[{"embeddable":true,"href":"https:\/\/vocesdebaires.com.ar\/index.php\/wp-json\/wp\/v2\/comments?post=24751"}],"version-history":[{"count":0,"href":"https:\/\/vocesdebaires.com.ar\/index.php\/wp-json\/wp\/v2\/posts\/24751\/revisions"}],"wp:featuredmedia":[{"embeddable":true,"href":"https:\/\/vocesdebaires.com.ar\/index.php\/wp-json\/wp\/v2\/media\/23607"}],"wp:attachment":[{"href":"https:\/\/vocesdebaires.com.ar\/index.php\/wp-json\/wp\/v2\/media?parent=24751"}],"wp:term":[{"taxonomy":"category","embeddable":true,"href":"https:\/\/vocesdebaires.com.ar\/index.php\/wp-json\/wp\/v2\/categories?post=24751"},{"taxonomy":"post_tag","embeddable":true,"href":"https:\/\/vocesdebaires.com.ar\/index.php\/wp-json\/wp\/v2\/tags?post=24751"}],"curies":[{"name":"wp","href":"https:\/\/api.w.org\/{rel}","templated":true}]}}