{"id":24766,"date":"2014-09-30T14:04:15","date_gmt":"2014-09-30T17:04:15","guid":{"rendered":"http:\/\/vocesdebaires.com.ar\/wordpress\/index.php\/2014\/09\/30\/vidal-hablo-sobre-fondo-buitres\/"},"modified":"2014-09-30T14:04:15","modified_gmt":"2014-09-30T17:04:15","slug":"vidal-hablo-sobre-fondo-buitres","status":"publish","type":"post","link":"https:\/\/vocesdebaires.com.ar\/index.php\/2014\/09\/30\/vidal-hablo-sobre-fondo-buitres\/","title":{"rendered":"Vidal hablo sobre Fondo Buitres"},"content":{"rendered":"<p><span style=\"line-height: 1.3em;\"> La referente bonaerense del Pro, Mar\u00eda Eugenia Vidal, visit\u00f3 la escuela \u00abJard\u00edn de la Aurora\u00bb en el municipio de Quilmes y se\u00f1al\u00f3 que \u201ces muy valorable que padres, docentes y chicos trabajen cada d\u00eda para que la educaci\u00f3n mejore pero tambi\u00e9n necesitan un Estado presente\u201d.<\/span><\/p>\n<p><span style=\"line-height: 1.3em;\">Acompa\u00f1ada por Martiniano Molina, la dirigente del Pro sostuvo que \u201cla Provincia sufre d\u00eda a d\u00eda la falta de infraestructura que arrastra desde hace a\u00f1os\u00bb, y asegur\u00f3 que \u201ccon una buena administraci\u00f3n esas obras se pueden llevar adelante\u201d.<\/span><\/p>\n<p><span style=\"line-height: 1.3em;\">Consultada sobre el discurso de la presidenta acerca la reestructuraci\u00f3n de la deuda, Vidal manifest\u00f3: \u201cEl camino es el di\u00e1logo y no pelearnos con todo el mundo. Tenemos que tender puentes para llegar a un acuerdo que nos permita solucionar los problemas que tenemos hoy: la inflaci\u00f3n, la falta de trabajo. Porque esa es la realidad de los argentinos. Nosotros estamos para ayudar, para cuando la presidenta nos convoque. Pero no desde la descalificaci\u00f3n y la confrontaci\u00f3n\u00bb.<\/span><\/p>\n","protected":false},"excerpt":{"rendered":"<p>La referente bonaerense del Pro, Mar\u00eda Eugenia Vidal, visit\u00f3 la escuela \u00abJard\u00edn de la Aurora\u00bb en el municipio de Quilmes y se\u00f1al\u00f3 que \u201ces muy valorable que padres, docentes y chicos trabajen cada d\u00eda para que la educaci\u00f3n mejore pero tambi\u00e9n necesitan un Estado presente\u201d. Acompa\u00f1ada por Martiniano Molina, la dirigente del Pro sostuvo que [&hellip;]<\/p>\n","protected":false},"author":2,"featured_media":24767,"comment_status":"open","ping_status":"open","sticky":false,"template":"","format":"standard","meta":{"_et_pb_use_builder":"","_et_pb_old_content":"","_et_gb_content_width":"","footnotes":""},"categories":[11,44],"tags":[],"class_list":["post-24766","post","type-post","status-publish","format-standard","has-post-thumbnail","hentry","category-ciudad","category-funcionarios-de-la-caba"],"_links":{"self":[{"href":"https:\/\/vocesdebaires.com.ar\/index.php\/wp-json\/wp\/v2\/posts\/24766"}],"collection":[{"href":"https:\/\/vocesdebaires.com.ar\/index.php\/wp-json\/wp\/v2\/posts"}],"about":[{"href":"https:\/\/vocesdebaires.com.ar\/index.php\/wp-json\/wp\/v2\/types\/post"}],"author":[{"embeddable":true,"href":"https:\/\/vocesdebaires.com.ar\/index.php\/wp-json\/wp\/v2\/users\/2"}],"replies":[{"embeddable":true,"href":"https:\/\/vocesdebaires.com.ar\/index.php\/wp-json\/wp\/v2\/comments?post=24766"}],"version-history":[{"count":0,"href":"https:\/\/vocesdebaires.com.ar\/index.php\/wp-json\/wp\/v2\/posts\/24766\/revisions"}],"wp:featuredmedia":[{"embeddable":true,"href":"https:\/\/vocesdebaires.com.ar\/index.php\/wp-json\/wp\/v2\/media\/24767"}],"wp:attachment":[{"href":"https:\/\/vocesdebaires.com.ar\/index.php\/wp-json\/wp\/v2\/media?parent=24766"}],"wp:term":[{"taxonomy":"category","embeddable":true,"href":"https:\/\/vocesdebaires.com.ar\/index.php\/wp-json\/wp\/v2\/categories?post=24766"},{"taxonomy":"post_tag","embeddable":true,"href":"https:\/\/vocesdebaires.com.ar\/index.php\/wp-json\/wp\/v2\/tags?post=24766"}],"curies":[{"name":"wp","href":"https:\/\/api.w.org\/{rel}","templated":true}]}}