{"id":24771,"date":"2014-09-30T14:36:37","date_gmt":"2014-09-30T17:36:37","guid":{"rendered":"http:\/\/vocesdebaires.com.ar\/wordpress\/index.php\/2014\/09\/30\/ritondo-lanzo-su-candidatura-a-jefe-de-gobierno\/"},"modified":"2014-09-30T14:36:37","modified_gmt":"2014-09-30T17:36:37","slug":"ritondo-lanzo-su-candidatura-a-jefe-de-gobierno","status":"publish","type":"post","link":"https:\/\/vocesdebaires.com.ar\/index.php\/2014\/09\/30\/ritondo-lanzo-su-candidatura-a-jefe-de-gobierno\/","title":{"rendered":"Ritondo lanz\u00f3 su candidatura a Jefe de Gobierno"},"content":{"rendered":"<p><span style=\"line-height: 1.3em;\">El Vicepresidente 1\u00ba de la Legislatura, Cristian Ritondo, lanz\u00f3 oficialmente anoche su candidatura para Jefe de Gobierno porte\u00f1o por el PRO, de cara a las elecciones que se llevar\u00e1n a cabo en junio de 2015. Estuvieron presentes en el Sal\u00f3n Blanco del Golden Center, los pre candidatos del mismo partido, el jefe de gabinete porte\u00f1o Horacio Rodr\u00edguez Larreta, el senador Diego Santilli, mientras que la senadora Gabriela Michetti envi\u00f3 una adhesi\u00f3n. Mauricio Macri, no pudo estar presente por encontrarse en de viaje, \u00a0pero envi\u00f3 sus saludos por medio de una grabaci\u00f3n. \u00a0\u00abEl Cristian Ritondo de hoy es el mejor Cristian que hemos conocido\u00bb, resumi\u00f3 el Jefe de Gobierno sobre la figura del actual Vicepresidente 1ro de la Legislatura. <\/span><\/p>\n<p><span style=\"line-height: 1.3em;\">Al principio de su discurso agradeci\u00f3 a Horacio Rodr\u00edguez Larreta, a Diego Santilli y a Grabriella Michetti, sus futuros competidores en la interna del PRO. \u00abEl que gane conducir\u00e1, el resto acompa\u00f1ar\u00e1, pero el PRO seguir\u00e1 siendo Gobierno en la Ciudad de Buenos Aires\u00bb.<\/span><span style=\"line-height: 1.3em;\">\u201cDesde este lugar vengo a decirles que estoy dispuesto a asumir la responsabilidad y el compromiso de luchar junto a ustedes codo a codo para presentarme en la internas abiertas y acceder a la jefatura de gobierno de mi querida Ciudad de Buenos Aires\u201d, dijo Ritondo al inicio de su discurso<\/span><\/p>\n<p><span style=\"line-height: 1.3em;\">Agreg\u00f3 \u201cDesde el a\u00f1o 2003 que constituimos un frente hombres y mujeres de distintos espacios pol\u00edticos y organizaciones no gubernamentales. Nos mantuvimos leales a ese compromiso sin por ello perder la identidad y sin traicionar nuestros principios ni nuestros or\u00edgenes como tampoco lo estamos haciendo hoy sosteniendo nuestro absoluto apoyo a Mauricio para que sea el pr\u00f3ximo presidente de la Naci\u00f3n\u201d.<\/span><span style=\"line-height: 1.3em;\">\u201cQuiero ser el heredero de la gesti\u00f3n de Mauricio Macri, asumiendo el compromiso de concretar lo que aun el tiempo no nos permiti\u00f3 terminar. Quiero una Buenos Aires Integral, con la mano tendida para todos los argentinos, donde recuperemos los valores, del respeto por el otro, donde respetemos la autoridad, donde recuperemos el orden que tanto necesitamos y que tanto merecemos\u201d, dijo Ritondo <\/span><\/p>\n<p><span style=\"line-height: 1.3em;\">Continu\u00f3 \u201cquiero el traspaso de la Polic\u00eda Federal porque nosotros queremos conducirla con eficacia y transparencia. Sue\u00f1o con que ning\u00fan vecino de mi ciudad tenga miedo, miedo tienen que sentir los delincuentes, ellos deben estar tras las rejas y nosotros los vecinos tenemos que dejar de enrejar nuestras casas y nuestras plazas. A la inseguridad s\u00f3lo la vamos a combatir cuando terminemos con la marginalidad y la exclusi\u00f3n\u201d. <\/span><\/p>\n<p><span style=\"line-height: 1.3em;\">\u00abCuando a la Polic\u00eda la conducen los ineficientes, el pescado se pudre por la cabeza, como dec\u00eda un gran General\u00bb, asegur\u00f3.<\/span><span style=\"line-height: 1.3em;\">\u201cA la droga que est\u00e1 destruyendo a nuestros j\u00f3venes vamos a combatirla con pol\u00edticas de prevenci\u00f3n pero tambi\u00e9n con el ejemplo. \u00a0El nuevo nombre de la justicia social es la igualdad de oportunidades y a la igualdad solo se accede por la educaci\u00f3n, yo sue\u00f1o con que el ni\u00f1o de una familia humilde tenga la misma oportunidad que el hijo de una familia adinerada\u201d, afirm\u00f3. <\/span><span style=\"line-height: 1.3em;\">Finaliz\u00f3 \u201csomos un espacio plural, abierto al dialogo y al consenso que sue\u00f1a con que cada familia de mi ciudad pueda tener su plato de comida, conseguido con un trabajo digno\u201d.<\/span><\/p>\n<p><span style=\"line-height: 1.3em;\">Estuvieron presentes en el lanzamiento la Vicejefa de Gobierno, Mar\u00eda Eugenia Vidal, el Jefe de Gabinete de Ministros, Horacio Rodriguez Larreta, el Ministro de Seguridad, Guillermo Montenegro, el Secretario General de Gobierno, Marcos Pe\u00f1a, el Ministro de Econom\u00eca, N\u00e8stor Grindetti, el Secretario General de Medios, Miguel de Godoy, el Senador de la Naci\u00f3n, Diego Santilli, la Diputada de la Naci\u00f3n, Patricia Bullrich, el Diputado de la Naci\u00f3n (MC), Miguel \u00c1ngel Toma. <\/span><\/p>\n<p><span style=\"line-height: 1.3em;\">Adem\u00e1s, el jefe de campa\u00f1a \u00abRitondo 2015, el Diputado Roberto Quattromano y los legisladores Carmen Polledo, Raquel Herrero, Francisco Quintana, Enzo Pagani, Jorge Garayalde, Lia Rueda, Karina Spalla, Daniel Lipovetzki, Christian Bauab, Alejandro Garc\u00eda, H\u00e9ctor Huici e Iv\u00e1n Petrella. Tambi\u00e9n el Subjefe de la Polic\u00eda Metropolitana, Ricardo Pedace. Entre las Personalidades Destacadas estuvieron el ex futbolista Jos\u00e9 Luis Chilavert, la cantante l\u00edrica popular Gabriela Pochinki<\/span><\/p>\n","protected":false},"excerpt":{"rendered":"<p>El Vicepresidente 1\u00ba de la Legislatura, Cristian Ritondo, lanz\u00f3 oficialmente anoche su candidatura para Jefe de Gobierno porte\u00f1o por el PRO, de cara a las elecciones que se llevar\u00e1n a cabo en junio de 2015. Estuvieron presentes en el Sal\u00f3n Blanco del Golden Center, los pre candidatos del mismo partido, el jefe de gabinete porte\u00f1o [&hellip;]<\/p>\n","protected":false},"author":2,"featured_media":24772,"comment_status":"open","ping_status":"open","sticky":false,"template":"","format":"standard","meta":{"_et_pb_use_builder":"","_et_pb_old_content":"","_et_gb_content_width":"","footnotes":""},"categories":[11,44],"tags":[],"class_list":["post-24771","post","type-post","status-publish","format-standard","has-post-thumbnail","hentry","category-ciudad","category-funcionarios-de-la-caba"],"_links":{"self":[{"href":"https:\/\/vocesdebaires.com.ar\/index.php\/wp-json\/wp\/v2\/posts\/24771"}],"collection":[{"href":"https:\/\/vocesdebaires.com.ar\/index.php\/wp-json\/wp\/v2\/posts"}],"about":[{"href":"https:\/\/vocesdebaires.com.ar\/index.php\/wp-json\/wp\/v2\/types\/post"}],"author":[{"embeddable":true,"href":"https:\/\/vocesdebaires.com.ar\/index.php\/wp-json\/wp\/v2\/users\/2"}],"replies":[{"embeddable":true,"href":"https:\/\/vocesdebaires.com.ar\/index.php\/wp-json\/wp\/v2\/comments?post=24771"}],"version-history":[{"count":0,"href":"https:\/\/vocesdebaires.com.ar\/index.php\/wp-json\/wp\/v2\/posts\/24771\/revisions"}],"wp:featuredmedia":[{"embeddable":true,"href":"https:\/\/vocesdebaires.com.ar\/index.php\/wp-json\/wp\/v2\/media\/24772"}],"wp:attachment":[{"href":"https:\/\/vocesdebaires.com.ar\/index.php\/wp-json\/wp\/v2\/media?parent=24771"}],"wp:term":[{"taxonomy":"category","embeddable":true,"href":"https:\/\/vocesdebaires.com.ar\/index.php\/wp-json\/wp\/v2\/categories?post=24771"},{"taxonomy":"post_tag","embeddable":true,"href":"https:\/\/vocesdebaires.com.ar\/index.php\/wp-json\/wp\/v2\/tags?post=24771"}],"curies":[{"name":"wp","href":"https:\/\/api.w.org\/{rel}","templated":true}]}}