{"id":24773,"date":"2014-09-30T14:55:19","date_gmt":"2014-09-30T17:55:19","guid":{"rendered":"http:\/\/vocesdebaires.com.ar\/wordpress\/index.php\/2014\/09\/30\/diputada-herrero-dijo-es-un-militante-de-ley\/"},"modified":"2014-09-30T14:55:19","modified_gmt":"2014-09-30T17:55:19","slug":"diputada-herrero-dijo-es-un-militante-de-ley","status":"publish","type":"post","link":"https:\/\/vocesdebaires.com.ar\/index.php\/2014\/09\/30\/diputada-herrero-dijo-es-un-militante-de-ley\/","title":{"rendered":"Diputada Herrero dijo \u00abEs un militante de Ley\u00bb"},"content":{"rendered":"<p><span style=\"line-height: 1.3em;\">La Diputada del Pro Mar\u00eda Raquel Herrero estuvo presente en el lanzamiento de la campa\u00f1a de Cristian Ritondo para Jefe de Gobierno de la Ciudad Aut\u00f3noma de Buenos Aires en 2015.<\/span><span style=\"line-height: 1.3em;\">\u00abPrincipalmente es una buena persona, pero adem\u00e1s estamos hablando de un militante de ley\u00bb, afirm\u00f3 la Diputada Herrero.<\/span><\/p>\n<p>Adem\u00e1s, la legisladora Herrero agreg\u00f3: \u00abEs un hombre de gesti\u00f3n, un porte\u00f1o de ley, sensible que ha trabajado durante todo este tiempo apostando a la b\u00fasqueda de consensos con el objetivo de mejorarle la vida a la gente\u00bb.<span style=\"line-height: 1.3em;\">Para finalizar, Herrero se\u00f1al\u00f3: \u00abPor eso desde los barrios del sur donde milit\u00f3 desde siempre, acompa\u00f1o a Cristian Ritondo porque sabemos que dar\u00e1 lo mejor de \u00e9l por esta ciudad\u00bb.<\/span><\/p>\n","protected":false},"excerpt":{"rendered":"<p>La Diputada del Pro Mar\u00eda Raquel Herrero estuvo presente en el lanzamiento de la campa\u00f1a de Cristian Ritondo para Jefe de Gobierno de la Ciudad Aut\u00f3noma de Buenos Aires en 2015.\u00abPrincipalmente es una buena persona, pero adem\u00e1s estamos hablando de un militante de ley\u00bb, afirm\u00f3 la Diputada Herrero. Adem\u00e1s, la legisladora Herrero agreg\u00f3: \u00abEs un [&hellip;]<\/p>\n","protected":false},"author":2,"featured_media":16547,"comment_status":"open","ping_status":"open","sticky":false,"template":"","format":"standard","meta":{"_et_pb_use_builder":"","_et_pb_old_content":"","_et_gb_content_width":"","footnotes":""},"categories":[11,44],"tags":[],"class_list":["post-24773","post","type-post","status-publish","format-standard","has-post-thumbnail","hentry","category-ciudad","category-funcionarios-de-la-caba"],"_links":{"self":[{"href":"https:\/\/vocesdebaires.com.ar\/index.php\/wp-json\/wp\/v2\/posts\/24773"}],"collection":[{"href":"https:\/\/vocesdebaires.com.ar\/index.php\/wp-json\/wp\/v2\/posts"}],"about":[{"href":"https:\/\/vocesdebaires.com.ar\/index.php\/wp-json\/wp\/v2\/types\/post"}],"author":[{"embeddable":true,"href":"https:\/\/vocesdebaires.com.ar\/index.php\/wp-json\/wp\/v2\/users\/2"}],"replies":[{"embeddable":true,"href":"https:\/\/vocesdebaires.com.ar\/index.php\/wp-json\/wp\/v2\/comments?post=24773"}],"version-history":[{"count":0,"href":"https:\/\/vocesdebaires.com.ar\/index.php\/wp-json\/wp\/v2\/posts\/24773\/revisions"}],"wp:featuredmedia":[{"embeddable":true,"href":"https:\/\/vocesdebaires.com.ar\/index.php\/wp-json\/wp\/v2\/media\/16547"}],"wp:attachment":[{"href":"https:\/\/vocesdebaires.com.ar\/index.php\/wp-json\/wp\/v2\/media?parent=24773"}],"wp:term":[{"taxonomy":"category","embeddable":true,"href":"https:\/\/vocesdebaires.com.ar\/index.php\/wp-json\/wp\/v2\/categories?post=24773"},{"taxonomy":"post_tag","embeddable":true,"href":"https:\/\/vocesdebaires.com.ar\/index.php\/wp-json\/wp\/v2\/tags?post=24773"}],"curies":[{"name":"wp","href":"https:\/\/api.w.org\/{rel}","templated":true}]}}