{"id":24784,"date":"2014-10-07T12:30:29","date_gmt":"2014-10-07T15:30:29","guid":{"rendered":"http:\/\/vocesdebaires.com.ar\/wordpress\/index.php\/2014\/10\/07\/vidal-en-rojas-y-san-andres-de-giles\/"},"modified":"2014-10-07T12:30:29","modified_gmt":"2014-10-07T15:30:29","slug":"vidal-en-rojas-y-san-andres-de-giles","status":"publish","type":"post","link":"https:\/\/vocesdebaires.com.ar\/index.php\/2014\/10\/07\/vidal-en-rojas-y-san-andres-de-giles\/","title":{"rendered":"Vidal en Rojas y San Andr\u00e9s de Giles"},"content":{"rendered":"<p><span style=\"line-height: 1.3em;\">La referente del Pro bonaerense, Mar\u00eda Eugenia Vidal, afirm\u00f3 que \u201chay una idea de cambio creciendo en la Argentina y la gente apuesta cada vez m\u00e1s a ella. Con Mauricio queremos llevar a todo el pa\u00eds una manera de gobernar que dio resultado en la Ciudad, que es con di\u00e1logo, honestidad, profesionalismo y equipos serios\u201d. <\/span><\/p>\n<p><span style=\"line-height: 1.3em;\">Durante una visita a Rojas y San Andr\u00e9s de Giles, Vidal sostuvo que \u201chay muchos problemas por resolver en la Provincia, problemas de inseguridad, infraestructura y educaci\u00f3n, pero tambi\u00e9n hay mucha capacidad, potencial y compromiso por parte de los bonaerenses para que la Provincia se ponga de pie\u201d. <\/span><span style=\"line-height: 1.3em;\">\u201cEstoy convencida que no nos tenemos que resignar a vivir de esta manera, porque hay gente que a pesar de las dificultades la sigue peleando, y esa gente es la esperanza de que podemos estar mejor\u201d, puntualiz\u00f3.<\/span><\/p>\n<p><span style=\"line-height: 1.3em;\">Asimismo se\u00f1al\u00f3 que \u201cla educaci\u00f3n es la salida a la inseguridad, porque sin una educaci\u00f3n p\u00fablica de calidad poner m\u00e1s polic\u00edas en la calle y comprar m\u00e1s patrulleros son s\u00f3lo parches. El verdadero camino para superar la situaci\u00f3n actual es darle a nuestros hijos todas las herramientas que necesitan para defenderse en la vida desde que nacen\u201d. <\/span><span style=\"line-height: 1.3em;\">Acompa\u00f1ada por los referentes locales del macrismo en Rojas, Miguel Cobo y Hern\u00e1n Quintana,recorri\u00f3 el Teatro Italia junto al director del Coro de Rojas, Alberto Perassolo, y visit\u00f3 al grupo protector de animales La Pacha. Luego, junto a los referentes locales del macrismo en San Andr\u00e9s de Giles, Mercedes Condese y Pablo Mart\u00ednez, conoci\u00f3 el bar Cultural 2 de Mayo y al productor de chacinados Am\u00e9rico Galvatti.<\/span><\/p>\n","protected":false},"excerpt":{"rendered":"<p>La referente del Pro bonaerense, Mar\u00eda Eugenia Vidal, afirm\u00f3 que \u201chay una idea de cambio creciendo en la Argentina y la gente apuesta cada vez m\u00e1s a ella. Con Mauricio queremos llevar a todo el pa\u00eds una manera de gobernar que dio resultado en la Ciudad, que es con di\u00e1logo, honestidad, profesionalismo y equipos serios\u201d. [&hellip;]<\/p>\n","protected":false},"author":2,"featured_media":24785,"comment_status":"open","ping_status":"open","sticky":false,"template":"","format":"standard","meta":{"_et_pb_use_builder":"","_et_pb_old_content":"","_et_gb_content_width":"","footnotes":""},"categories":[11,44],"tags":[],"class_list":["post-24784","post","type-post","status-publish","format-standard","has-post-thumbnail","hentry","category-ciudad","category-funcionarios-de-la-caba"],"_links":{"self":[{"href":"https:\/\/vocesdebaires.com.ar\/index.php\/wp-json\/wp\/v2\/posts\/24784"}],"collection":[{"href":"https:\/\/vocesdebaires.com.ar\/index.php\/wp-json\/wp\/v2\/posts"}],"about":[{"href":"https:\/\/vocesdebaires.com.ar\/index.php\/wp-json\/wp\/v2\/types\/post"}],"author":[{"embeddable":true,"href":"https:\/\/vocesdebaires.com.ar\/index.php\/wp-json\/wp\/v2\/users\/2"}],"replies":[{"embeddable":true,"href":"https:\/\/vocesdebaires.com.ar\/index.php\/wp-json\/wp\/v2\/comments?post=24784"}],"version-history":[{"count":0,"href":"https:\/\/vocesdebaires.com.ar\/index.php\/wp-json\/wp\/v2\/posts\/24784\/revisions"}],"wp:featuredmedia":[{"embeddable":true,"href":"https:\/\/vocesdebaires.com.ar\/index.php\/wp-json\/wp\/v2\/media\/24785"}],"wp:attachment":[{"href":"https:\/\/vocesdebaires.com.ar\/index.php\/wp-json\/wp\/v2\/media?parent=24784"}],"wp:term":[{"taxonomy":"category","embeddable":true,"href":"https:\/\/vocesdebaires.com.ar\/index.php\/wp-json\/wp\/v2\/categories?post=24784"},{"taxonomy":"post_tag","embeddable":true,"href":"https:\/\/vocesdebaires.com.ar\/index.php\/wp-json\/wp\/v2\/tags?post=24784"}],"curies":[{"name":"wp","href":"https:\/\/api.w.org\/{rel}","templated":true}]}}