{"id":24806,"date":"2014-10-08T14:30:14","date_gmt":"2014-10-08T17:30:14","guid":{"rendered":"http:\/\/vocesdebaires.com.ar\/wordpress\/index.php\/2014\/10\/08\/jornada-de-administracion-y-derecho-presupuestario\/"},"modified":"2014-10-08T14:30:14","modified_gmt":"2014-10-08T17:30:14","slug":"jornada-de-administracion-y-derecho-presupuestario","status":"publish","type":"post","link":"https:\/\/vocesdebaires.com.ar\/index.php\/2014\/10\/08\/jornada-de-administracion-y-derecho-presupuestario\/","title":{"rendered":"Jornada de administraci\u00f3n y derecho presupuestario"},"content":{"rendered":"<p>A d\u00edas de comenzar el tratamiento en comisi\u00f3n del proyecto de ley de Presupuesto de la Ciudad de Buenos Aires para el a\u00f1o 2015 este martes diputados y jueces se reunieron en una jornada sobre administraci\u00f3n y derecho presupuestario que tuvo lugar en el sal\u00f3n \u00abSan Mart\u00edn\u00bb de la Legislatura porte\u00f1a.<span style=\"line-height: 1.3em;\">La diputada Mar\u00eda Rosa Mui\u00f1os (FpV) asegur\u00f3: \u201cAnte el tratamiento de partidas presupuestarias priorizamos desde mi bloque el inter\u00e9s p\u00fablico y no nuestra posici\u00f3n partidaria\u201d en relaci\u00f3n a la intenci\u00f3n de suceder al partido gobernante. Adem\u00e1s, como presidenta de la Comisi\u00f3n de Descentralizaci\u00f3n adelant\u00f3 que su bloque como segunda minor\u00eda \u201cva a discutir al Ejecutivo que en las Comunas se administre mayor cantidad de presupuesto ya que las Juntas Comunales s\u00f3lo han manejado partidas por $12 millones en 2014, del total de los $900 millones destinados a las mismas\u00bb. <\/span><\/p>\n<p><span style=\"line-height: 1.3em;\">En otro pasaje de su intervenci\u00f3n la legisladora refiri\u00f3: \u201cen relaci\u00f3n a derechos sociales vulnerados acud\u00ed al Poder Judicial cuando no se pudieron resolver situaciones de otra manera y tuvimos buena respuesta, pero nosotros sentimos un peque\u00f1o fracaso\u201d por no poder resolverlo desde la pol\u00edtica, y critic\u00f3 \u201cel poco acceso a la informaci\u00f3n de ejecuci\u00f3n presupuestaria que permite a los legisladores el Ejecutivo porte\u00f1o\u201d. <\/span><span style=\"line-height: 1.3em;\">Por su parte, el diputado Francisco Quintana (PRO) aludi\u00f3 tambi\u00e9n a los derechos sociales, a los econ\u00f3micos y culturales y consider\u00f3 que garantizarlos depende de \u201cun Estado activo que cuente con los respectivos recursos para poder asegurarlos\u201d y agreg\u00f3: \u201cel 60% del presupuesto 2015 est\u00e1 previsto para gastos sociales\u201d. Adem\u00e1s, expres\u00f3 que su partido tambi\u00e9n \u201ctiene una mirada a favor de la calidad de vida de los porte\u00f1os y no una mirada especulativa\u201d. <\/span><span style=\"line-height: 1.3em;\">Finalmente Quintana destac\u00f3 la pr\u00e1ctica de \u201cdiscusi\u00f3n del proyecto de presupuesto en la ciudad que es un logro del distrito y que no se da ni a nivel nacional ni en otras provincias\u201d, con la presencia de los responsables de cada \u00e1rea de gobierno brindando informes ante la Legislatura respecto de su gesti\u00f3n y de la partida solicitada para el pr\u00f3ximo per\u00edodo.<\/span><\/p>\n<p>Ambos legisladores participaron del panel sobre Ley de Presupuesto, Pol\u00edticas P\u00fablicas y Derechos Sociales, junto a la jueza Fabiana Schafrik de la C\u00e1mara Contencioso Administrativo y Tributario de la ciudad y al juez en lo Contencioso, Administrativo y Tributario porte\u00f1o Guillermo Scheibler. La magistrada subray\u00f3 que es funci\u00f3n de los jueces \u201cen un caso que llega a la justicia, mirar m\u00e1s all\u00e1 del presupuesto y contemplar si hubo un derecho vulnerado y velar para que se garantice\u201d; adem\u00e1s plante\u00f3 que \u201cnunca confrontamos la pol\u00edtica con la efectividad de su aplicaci\u00f3n para garantizar los derechos y nunca el Poder Ejecutivo demostr\u00f3 que la aplicaci\u00f3n de su pol\u00edtica es suficiente\u201d. Por su parte, el juez Scheibler opin\u00f3 que \u201cel debate acerca de la escasez de recursos es del primer mundo y que no podemos aplicarlo aqu\u00ed cuando se trata de asegurar derechos humanos b\u00e1sicos\u201d.<\/p>\n<p><span style=\"line-height: 1.3em;\">La apertura de la jornada estuvo a cargo del presidente de la organizaci\u00f3n Derecho para Innovar, Horacio Corti, Defensor General de la CABA, quien propici\u00f3 la realizaci\u00f3n de la jornada; y el ex juez de la Corte Suprema de la Justicia de la Naci\u00f3n y ex Ministro de Justicia, Rodolfo Barra, con la moderaci\u00f3n del juez Contencioso Administrativo y Tributario de la ciudad, Juan Corval\u00e1n. Todos ellos se refirieron al Presupuesto y Pol\u00edticas P\u00fablicas. <\/span><span style=\"line-height: 1.3em;\">En ese sentido, Barra manifest\u00f3 ciertas prevenciones acerca de que el Poder Judicial intervenga en cuestiones presupuestarias porque \u201cse supone que esas pol\u00edticas p\u00fablicas las deciden entre el Congreso y los ciudadanos a trav\u00e9s de las elecciones de sus representantes\u201d. En tanto, el defensor Corti reflexion\u00f3 que un juez \u201cno puede utilizar una excusa para negarle un derecho b\u00e1sico a una persona por su propia funci\u00f3n \u00e9tica a no ser que tenga que declarar inconstitucional el impuesto a las ganancias o la ley de coparticipaci\u00f3n, por ejemplo\u201d. <\/span><\/p>\n<p><span style=\"line-height: 1.3em;\">Otro panel acerca de la Ley de Coparticipaci\u00f3n Federal de Impuestos fue desarrollado por el abogado especialista en derecho tributario Gast\u00f3n Arcal, el juez del Tribunal Superior de Justicia Osvlado Cas\u00e1s, el abogado especialista en derecho tributario y con juez de la Corte Suprema de Justicia de la Naci\u00f3n Aristides Corti y el vocal del TFN Pablo Garbarino. El juez Cas\u00e1s destac\u00f3 \u201cla insuficiencia de la coparticipaci\u00f3n recibida por la ciudad de Buenos Aires que es de 1,4% menor al 1,8% que recib\u00eda antes de hacerse cargo de las 300 escuelas y de los 300 hospitales\u201d y enfatiz\u00f3 que \u201cla ciudad tuvo que generar alrededor de $0,90 por cada $1 de su presupuesto\u201d. Todos coincidieron en la necesidad de analizar nuevamente la Ley de Coparticipaci\u00f3n con la intervenci\u00f3n de la ciudad de Buenos Aires. <\/span><span style=\"line-height: 1.3em;\">El \u00faltimo grupo de invitados profundiz\u00f3 la tem\u00e1tica sobre \u201cAspectos econ\u00f3micos-financieros de las decisiones judiciales\u201d. Aqu\u00ed expusieron los jueces en lo Contencioso Administrativa y Tributario de la ciudad Andrea Danas, Marcelo L\u00f3pez Alfons\u00edn, Juan Corval\u00e1n, Francisco Ferrer y el Defensor General de la ciudad, Horacio Corti. <\/span><\/p>\n<p><span style=\"line-height: 1.3em;\">Foto : Panel integrado por (de izq. a der.): Jueza Fabiana Schafrik de la c\u00e1mara CAYT CABA; directora ejecutiva de DPI, Nieves Macchiavelli; diputada Mar\u00eda Rosa Mui\u00f1os (FpV); doctor Juan Mart\u00edn Vezzulla; diputado Francisco Quintana (PRO) y juez CAYT CABA Guillermo Scheibler<\/span><\/p>\n","protected":false},"excerpt":{"rendered":"<p>A d\u00edas de comenzar el tratamiento en comisi\u00f3n del proyecto de ley de Presupuesto de la Ciudad de Buenos Aires para el a\u00f1o 2015 este martes diputados y jueces se reunieron en una jornada sobre administraci\u00f3n y derecho presupuestario que tuvo lugar en el sal\u00f3n \u00abSan Mart\u00edn\u00bb de la Legislatura porte\u00f1a.La diputada Mar\u00eda Rosa Mui\u00f1os [&hellip;]<\/p>\n","protected":false},"author":2,"featured_media":24807,"comment_status":"open","ping_status":"open","sticky":false,"template":"","format":"standard","meta":{"_et_pb_use_builder":"","_et_pb_old_content":"","_et_gb_content_width":"","footnotes":""},"categories":[11,44],"tags":[],"class_list":["post-24806","post","type-post","status-publish","format-standard","has-post-thumbnail","hentry","category-ciudad","category-funcionarios-de-la-caba"],"_links":{"self":[{"href":"https:\/\/vocesdebaires.com.ar\/index.php\/wp-json\/wp\/v2\/posts\/24806"}],"collection":[{"href":"https:\/\/vocesdebaires.com.ar\/index.php\/wp-json\/wp\/v2\/posts"}],"about":[{"href":"https:\/\/vocesdebaires.com.ar\/index.php\/wp-json\/wp\/v2\/types\/post"}],"author":[{"embeddable":true,"href":"https:\/\/vocesdebaires.com.ar\/index.php\/wp-json\/wp\/v2\/users\/2"}],"replies":[{"embeddable":true,"href":"https:\/\/vocesdebaires.com.ar\/index.php\/wp-json\/wp\/v2\/comments?post=24806"}],"version-history":[{"count":0,"href":"https:\/\/vocesdebaires.com.ar\/index.php\/wp-json\/wp\/v2\/posts\/24806\/revisions"}],"wp:featuredmedia":[{"embeddable":true,"href":"https:\/\/vocesdebaires.com.ar\/index.php\/wp-json\/wp\/v2\/media\/24807"}],"wp:attachment":[{"href":"https:\/\/vocesdebaires.com.ar\/index.php\/wp-json\/wp\/v2\/media?parent=24806"}],"wp:term":[{"taxonomy":"category","embeddable":true,"href":"https:\/\/vocesdebaires.com.ar\/index.php\/wp-json\/wp\/v2\/categories?post=24806"},{"taxonomy":"post_tag","embeddable":true,"href":"https:\/\/vocesdebaires.com.ar\/index.php\/wp-json\/wp\/v2\/tags?post=24806"}],"curies":[{"name":"wp","href":"https:\/\/api.w.org\/{rel}","templated":true}]}}