{"id":24838,"date":"2014-10-14T14:27:03","date_gmt":"2014-10-14T17:27:03","guid":{"rendered":"http:\/\/vocesdebaires.com.ar\/wordpress\/index.php\/2014\/10\/14\/ritondo-recibio-a-autoridades-de-la-ciudad-de-miami\/"},"modified":"2014-10-14T14:27:03","modified_gmt":"2014-10-14T17:27:03","slug":"ritondo-recibio-a-autoridades-de-la-ciudad-de-miami","status":"publish","type":"post","link":"https:\/\/vocesdebaires.com.ar\/index.php\/2014\/10\/14\/ritondo-recibio-a-autoridades-de-la-ciudad-de-miami\/","title":{"rendered":"Ritondo recibi\u00f3 a autoridades de la ciudad de Miami"},"content":{"rendered":"<p><span style=\"line-height: 1.3em;\">El Vicepresidente 1\u00ba de la Legislatura de la Ciudad y precandidato a Jefe de Gobierno, Cristian Ritondo, recibi\u00f3 esta ma\u00f1ana al se\u00f1or Wilfredo \u00abWilly\u00bb Gort, Presidente del Congreso Hemisf\u00e9rico de la C\u00e1mara de Comercio de Miami, y a Jos\u00e9 Cal\u00f3, asesor del alcalde de esa ciudad norteamericana, Tom\u00e1s Regalado. <\/span><span style=\"line-height: 1.3em;\">En la reuni\u00f3n, en la cual particip\u00f3 tambi\u00e9n el Director General de Pol\u00edticas P\u00fablicas de la Legislatura, Pablo Garc\u00eda Mithieux, las autoridades compartieron su visi\u00f3n sobre los principales problemas y preocupaciones acerca del comercio exterior entre ambos pa\u00edses. <\/span><\/p>\n<p><span style=\"line-height: 1.3em;\">En este sentido, Ritondo recibi\u00f3 las diferentes opiniones y propuestas de la autoridades de Miami, que giraron en torno a una misi\u00f3n multisectorial que mantendr\u00e1n la C\u00e1mara de Comercio Argentino-Americana con la C\u00e1mara Argentina de Comercio (CAC) y la C\u00e1mara Inmobiliaria Argentina (CIA)<\/span><\/p>\n<p><span style=\"line-height: 1.3em;\">En el pasado mes de septiembre, Ritondo viaj\u00f3 a la ciudad de Miami, donde recibi\u00f3 la llave de aquella ciudad a manos de su alcalde Tom\u00e1s Regalado, y manifest\u00f3 sus principales pol\u00edticas p\u00fablicas y proyectos en el \u00e1mbito porte\u00f1o. <\/span><span style=\"line-height: 1.3em;\">En esta ocasi\u00f3n, los delegados norteamericanos se encuentran en el pa\u00eds para asistir a dos jornadas sobre colaboraci\u00f3n entre el Congreso Hemisf\u00e9rico con las diferentes C\u00e1maras de Comercio latinas, a desarrollarse en la CAC los d\u00edas 15 y 16 del corriente mes. <\/span><\/p>\n","protected":false},"excerpt":{"rendered":"<p>El Vicepresidente 1\u00ba de la Legislatura de la Ciudad y precandidato a Jefe de Gobierno, Cristian Ritondo, recibi\u00f3 esta ma\u00f1ana al se\u00f1or Wilfredo \u00abWilly\u00bb Gort, Presidente del Congreso Hemisf\u00e9rico de la C\u00e1mara de Comercio de Miami, y a Jos\u00e9 Cal\u00f3, asesor del alcalde de esa ciudad norteamericana, Tom\u00e1s Regalado. En la reuni\u00f3n, en la cual [&hellip;]<\/p>\n","protected":false},"author":2,"featured_media":24839,"comment_status":"open","ping_status":"open","sticky":false,"template":"","format":"standard","meta":{"_et_pb_use_builder":"","_et_pb_old_content":"","_et_gb_content_width":"","footnotes":""},"categories":[11,44],"tags":[],"class_list":["post-24838","post","type-post","status-publish","format-standard","has-post-thumbnail","hentry","category-ciudad","category-funcionarios-de-la-caba"],"_links":{"self":[{"href":"https:\/\/vocesdebaires.com.ar\/index.php\/wp-json\/wp\/v2\/posts\/24838"}],"collection":[{"href":"https:\/\/vocesdebaires.com.ar\/index.php\/wp-json\/wp\/v2\/posts"}],"about":[{"href":"https:\/\/vocesdebaires.com.ar\/index.php\/wp-json\/wp\/v2\/types\/post"}],"author":[{"embeddable":true,"href":"https:\/\/vocesdebaires.com.ar\/index.php\/wp-json\/wp\/v2\/users\/2"}],"replies":[{"embeddable":true,"href":"https:\/\/vocesdebaires.com.ar\/index.php\/wp-json\/wp\/v2\/comments?post=24838"}],"version-history":[{"count":0,"href":"https:\/\/vocesdebaires.com.ar\/index.php\/wp-json\/wp\/v2\/posts\/24838\/revisions"}],"wp:featuredmedia":[{"embeddable":true,"href":"https:\/\/vocesdebaires.com.ar\/index.php\/wp-json\/wp\/v2\/media\/24839"}],"wp:attachment":[{"href":"https:\/\/vocesdebaires.com.ar\/index.php\/wp-json\/wp\/v2\/media?parent=24838"}],"wp:term":[{"taxonomy":"category","embeddable":true,"href":"https:\/\/vocesdebaires.com.ar\/index.php\/wp-json\/wp\/v2\/categories?post=24838"},{"taxonomy":"post_tag","embeddable":true,"href":"https:\/\/vocesdebaires.com.ar\/index.php\/wp-json\/wp\/v2\/tags?post=24838"}],"curies":[{"name":"wp","href":"https:\/\/api.w.org\/{rel}","templated":true}]}}