{"id":24846,"date":"2014-10-15T14:55:12","date_gmt":"2014-10-15T17:55:12","guid":{"rendered":"http:\/\/vocesdebaires.com.ar\/wordpress\/index.php\/2014\/10\/15\/encuentro-empresarial-miami-dade-buenos-aires\/"},"modified":"2014-10-15T14:55:12","modified_gmt":"2014-10-15T17:55:12","slug":"encuentro-empresarial-miami-dade-buenos-aires","status":"publish","type":"post","link":"https:\/\/vocesdebaires.com.ar\/index.php\/2014\/10\/15\/encuentro-empresarial-miami-dade-buenos-aires\/","title":{"rendered":"Encuentro empresarial Miami Dade &#8211; Buenos Aires"},"content":{"rendered":"<p><span style=\"line-height: 1.3em;\">El Vicepresidente 1\u00ba de la Legislatura y precandidato a Jefe de Gobierno, Cristian Ritondo, particip\u00f3 del encuentro empresarial Miami Dade &#8211; Buenos Aires, que fue declarado por el parlamento porte\u00f1o de inter\u00e9s Social y Cultural de la Ciudad Aut\u00f3noma de Buenos Aires. El evento se llev\u00f3 a cabo en la C\u00e1mara Argentina de Comercio (CAC) y en su presentaci\u00f3n cont\u00f3 con la participaci\u00f3n del Comisionado de la ciudad de Miami y Presidente del Congreso Hemisf\u00e9rico de C\u00e1maras de Comercio, Wilfredo \u00abWilly\u00bb Cort, el titular de la CAC, Carlos de la Vega, y el Presidente de la Argentine American Chamber of Commerce (AACC), Luis Cariola.<\/span><\/p>\n<p><span style=\"line-height: 1.3em;\">Al momento de distinguir el encuentro en nombre de la Legislatura, Ritondo destac\u00f3 que \u00abcuenta con un valor especial ya que se dirige a todas aquellas personas que por distintas razones tengan inter\u00e9s de conocer las oportunidades de negocios que se puedan llegar a presentar tanto en el \u00e1rea de Miami como en la de Buenos Aires y todos los aspectos que se relacionan para la correcci\u00f3n de los mismos\u00bb.<\/span><span style=\"line-height: 1.3em;\">Agreg\u00f3 adem\u00e1s que \u00abpoder discutir temas relacionados con franquicias, compra y ventas de negocios y propiedades, administraci\u00f3n, exportaci\u00f3n e importaci\u00f3n \u00a0de productos y servicios y los mecanismos existentes para darle tanto en un marco legal a las transacciones que se efect\u00faen y seguridad en las inversiones es siempre gratificante y productivo para la Ciudad\u00bb.<\/span><\/p>\n<p><span style=\"line-height: 1.3em;\">\u00abSoy parte de una Argentina que quiere reinsertarse en los mercados internacionales y que tengo f\u00e9, cuenta con agentes innovadores y con deseos de trabajar, ya que forman parte de un pa\u00eds con mucha personalidad para afrontar cualquier crisis. Son muy enriquecedoras las experiencias compartidas con el se\u00f1or Alcalde de Miami, Tom\u00e1s Regalado, cuando visit\u00e9 la ciudad hace unos meses, y lo es hoy con el se\u00f1or Comisionado &#8216;Willy&#8217; Gort, en cuestiones relacionadas con la seguridad, el desarrollo de la infraestructura y el cuidado del medio ambiente\u00bb, finaliz\u00f3 Ritondo. <\/span><\/p>\n<p><span style=\"line-height: 1.3em;\">El encuentro Empresarial de Miami- Dade y Buenos Aires, tiene como objetivo presentar en forma sistem\u00e1tica a trav\u00e9s de los especialistas que integran esta iniciativa de intercambio, una serie de elementos que permitan a los participantes, entender las oportunidades de negocios que se presentan en la actualidad tanto en Miami como en Buenos Aires. Tales son conocer la realidad de los aspectos tributarios que giran entorno a cualquier tipo de inversi\u00f3n que se realice en ambas ciudades, las ventajas para inversores fomentando un acercamiento entre la AACC y otras c\u00e1maras locales, as\u00ed como el intercambio de informaci\u00f3n de oportunidad de negocios que se presenten en ambos pa\u00edses, entre otras cuestiones. <\/span><\/p>\n","protected":false},"excerpt":{"rendered":"<p>El Vicepresidente 1\u00ba de la Legislatura y precandidato a Jefe de Gobierno, Cristian Ritondo, particip\u00f3 del encuentro empresarial Miami Dade &#8211; Buenos Aires, que fue declarado por el parlamento porte\u00f1o de inter\u00e9s Social y Cultural de la Ciudad Aut\u00f3noma de Buenos Aires. El evento se llev\u00f3 a cabo en la C\u00e1mara Argentina de Comercio (CAC) [&hellip;]<\/p>\n","protected":false},"author":2,"featured_media":24847,"comment_status":"open","ping_status":"open","sticky":false,"template":"","format":"standard","meta":{"_et_pb_use_builder":"","_et_pb_old_content":"","_et_gb_content_width":"","footnotes":""},"categories":[11,44],"tags":[],"class_list":["post-24846","post","type-post","status-publish","format-standard","has-post-thumbnail","hentry","category-ciudad","category-funcionarios-de-la-caba"],"_links":{"self":[{"href":"https:\/\/vocesdebaires.com.ar\/index.php\/wp-json\/wp\/v2\/posts\/24846"}],"collection":[{"href":"https:\/\/vocesdebaires.com.ar\/index.php\/wp-json\/wp\/v2\/posts"}],"about":[{"href":"https:\/\/vocesdebaires.com.ar\/index.php\/wp-json\/wp\/v2\/types\/post"}],"author":[{"embeddable":true,"href":"https:\/\/vocesdebaires.com.ar\/index.php\/wp-json\/wp\/v2\/users\/2"}],"replies":[{"embeddable":true,"href":"https:\/\/vocesdebaires.com.ar\/index.php\/wp-json\/wp\/v2\/comments?post=24846"}],"version-history":[{"count":0,"href":"https:\/\/vocesdebaires.com.ar\/index.php\/wp-json\/wp\/v2\/posts\/24846\/revisions"}],"wp:featuredmedia":[{"embeddable":true,"href":"https:\/\/vocesdebaires.com.ar\/index.php\/wp-json\/wp\/v2\/media\/24847"}],"wp:attachment":[{"href":"https:\/\/vocesdebaires.com.ar\/index.php\/wp-json\/wp\/v2\/media?parent=24846"}],"wp:term":[{"taxonomy":"category","embeddable":true,"href":"https:\/\/vocesdebaires.com.ar\/index.php\/wp-json\/wp\/v2\/categories?post=24846"},{"taxonomy":"post_tag","embeddable":true,"href":"https:\/\/vocesdebaires.com.ar\/index.php\/wp-json\/wp\/v2\/tags?post=24846"}],"curies":[{"name":"wp","href":"https:\/\/api.w.org\/{rel}","templated":true}]}}