{"id":2488,"date":"2020-11-03T03:09:11","date_gmt":"2020-11-03T06:09:11","guid":{"rendered":"http:\/\/vocesdebaires.com.ar\/wordpress\/index.php\/2020\/11\/03\/ministro-de-salud-brindo-detalles-situacion-sanitaria\/"},"modified":"2020-11-03T03:09:11","modified_gmt":"2020-11-03T06:09:11","slug":"ministro-de-salud-brindo-detalles-situacion-sanitaria","status":"publish","type":"post","link":"https:\/\/vocesdebaires.com.ar\/index.php\/2020\/11\/03\/ministro-de-salud-brindo-detalles-situacion-sanitaria\/","title":{"rendered":"Ministro de Salud  brind\u00f3 detalles situaci\u00f3n sanitaria"},"content":{"rendered":"<p>El ministro de Salud porte\u00f1o, Fern\u00e1n Quir\u00f3s; el subsecretario de Atenci\u00f3n Primaria, Gabriel Battistella, y la directora general de Planificaci\u00f3n Operativa, Paula Zingoni, brindaron detalles de la situaci\u00f3n sanitaria de la Ciudad en relaci\u00f3n a la curva de contagios y su evoluci\u00f3n, en el marco del aislamiento social, preventivo y obligatorio por el coronavirus.Quir\u00f3s indic\u00f3 que \u201chasta hoy hemos confirmado 147.603 pacientes, se han recuperado 124.458, han fallecido 5.171 personas, lo que hace una letalidad para la Ciudad de Buenos Aires del 3,5%\u201d. A su vez, dijo que \u201chemos realizado 693.294 PCR, el 59,3% ha sido realizado a ciudadanos porte\u00f1os, con una positividad promedio de 19% en la semana, y una tasa de test cada 100.000 habitantes de 13.377\u201d.<\/p>\n<p>En relaci\u00f3n al Plan DetectAR, Battistella dijo que \u201chasta el momento se han testeado 132.841 personas, de las cuales 31.260 arrojaron resultado positivo\u201d.Estos son los barrios vulnerables en los que est\u00e1 presente el Operativo DetectAR: Barrio 31, Barrio 1-11-14, Barrio 21-24, Barrio 15, Barrio 20, Barrio Carrillo y Barrio Rodrigo Bueno. Y estos son los barrios en los que est\u00e1 presente el DetectAR M\u00f3vil: Balvanera, Flores, La Boca, Constituci\u00f3n, Barracas, Almagro, Palermo, Nueva Pompeya, Soldati, La Paternal, Chacarita, Parque Chacabuco, Boedo, San Crist\u00f3bal, Mataderos, Recoleta, San Telmo, Caballito, Villa Lugano, Villa Riachuelo, Parque Avellaneda, Villa Ort\u00fazar, Parque Chas, Belgrano, Colegiales, Coghlan, Villa Urquiza, Villa Crespo, N\u00fa\u00f1ez, Saavedra y Parque Patricios.<\/p>\n<p>\u201cEn relaci\u00f3n a los barrios populares, tenemos 17.124 casos confirmados, y tenemos 15.895 personas recuperadas, han fallecido 269, lo que arroja una tasa de letalidad de 1,5%\u201d, agreg\u00f3 Battistella. En tanto, Zingoni inform\u00f3 que en los geri\u00e1tricos \u201cllevamos realizados 22.541 hisopados, hemos podido confirmar 5.298 personas con la enfermedad, de las cuales se han recuperado 4.186 y han fallecido 978 personas\u00bb. En cuanto a los testeos totales a personal de salud, geri\u00e1tricos, fuerzas de seguridad, desarrollo humano y transporte, se\u00f1al\u00f3 que \u201chemos realizado 701.935 test, de los cuales 25.858 fueron positivos, con 7.088 PCR positivas y una tasa de test cada 100.000 habitantes de 23.397\u201d.<\/p>\n","protected":false},"excerpt":{"rendered":"<p>El ministro de Salud porte\u00f1o, Fern\u00e1n Quir\u00f3s; el subsecretario de Atenci\u00f3n Primaria, Gabriel Battistella, y la directora general de Planificaci\u00f3n Operativa, Paula Zingoni, brindaron detalles de la situaci\u00f3n sanitaria de la Ciudad en relaci\u00f3n a la curva de contagios y su evoluci\u00f3n, en el marco del aislamiento social, preventivo y obligatorio por el coronavirus.Quir\u00f3s indic\u00f3 [&hellip;]<\/p>\n","protected":false},"author":1,"featured_media":2489,"comment_status":"open","ping_status":"open","sticky":false,"template":"","format":"standard","meta":{"_et_pb_use_builder":"","_et_pb_old_content":"","_et_gb_content_width":"","footnotes":""},"categories":[11,33],"tags":[],"class_list":["post-2488","post","type-post","status-publish","format-standard","has-post-thumbnail","hentry","category-ciudad","category-sociedad-y-cultura-2"],"_links":{"self":[{"href":"https:\/\/vocesdebaires.com.ar\/index.php\/wp-json\/wp\/v2\/posts\/2488"}],"collection":[{"href":"https:\/\/vocesdebaires.com.ar\/index.php\/wp-json\/wp\/v2\/posts"}],"about":[{"href":"https:\/\/vocesdebaires.com.ar\/index.php\/wp-json\/wp\/v2\/types\/post"}],"author":[{"embeddable":true,"href":"https:\/\/vocesdebaires.com.ar\/index.php\/wp-json\/wp\/v2\/users\/1"}],"replies":[{"embeddable":true,"href":"https:\/\/vocesdebaires.com.ar\/index.php\/wp-json\/wp\/v2\/comments?post=2488"}],"version-history":[{"count":0,"href":"https:\/\/vocesdebaires.com.ar\/index.php\/wp-json\/wp\/v2\/posts\/2488\/revisions"}],"wp:featuredmedia":[{"embeddable":true,"href":"https:\/\/vocesdebaires.com.ar\/index.php\/wp-json\/wp\/v2\/media\/2489"}],"wp:attachment":[{"href":"https:\/\/vocesdebaires.com.ar\/index.php\/wp-json\/wp\/v2\/media?parent=2488"}],"wp:term":[{"taxonomy":"category","embeddable":true,"href":"https:\/\/vocesdebaires.com.ar\/index.php\/wp-json\/wp\/v2\/categories?post=2488"},{"taxonomy":"post_tag","embeddable":true,"href":"https:\/\/vocesdebaires.com.ar\/index.php\/wp-json\/wp\/v2\/tags?post=2488"}],"curies":[{"name":"wp","href":"https:\/\/api.w.org\/{rel}","templated":true}]}}