{"id":24930,"date":"2014-10-24T14:41:42","date_gmt":"2014-10-24T17:41:42","guid":{"rendered":"http:\/\/vocesdebaires.com.ar\/wordpress\/index.php\/2014\/10\/24\/legislatura-asumio-el-legislador-fernando-munoz\/"},"modified":"2014-10-24T14:41:42","modified_gmt":"2014-10-24T17:41:42","slug":"legislatura-asumio-el-legislador-fernando-munoz","status":"publish","type":"post","link":"https:\/\/vocesdebaires.com.ar\/index.php\/2014\/10\/24\/legislatura-asumio-el-legislador-fernando-munoz\/","title":{"rendered":"Legislatura: Asumi\u00f3 el legislador Fernando Mu\u00f1\u00f3z"},"content":{"rendered":"<p><span style=\"line-height: 1.3em;\">Fernando Mu\u00f1oz expres\u00f3 su compromiso ante el Cuerpo Parlamentario al formalizar este jueves su incorporaci\u00f3n como integrante del bloque Frente Progresista Popular tras la renuncia de Susana Rinaldi. Antes, por Secretar\u00eda se mencion\u00f3 que de acuerdo a la n\u00f3mina oficializada por la justicia electoral como resultado de la elecci\u00f3n del 10 de julio de 2011 corresponde asumir al actual Auditor General Eduardo Epszteyn, quien hoy por nota manifest\u00f3 su renuncia a ese derecho. El titular del bloque, An\u00edbal Ibarra, destac\u00f3 el trabajo de Rinaldi y se refiri\u00f3 a Mu\u00f1oz como \u00abun amigo de la militancia desde hace casi dos d\u00e9cadas\u00bb. En tanto el flamante legislador record\u00f3 sus comienzos, a los 15 a\u00f1os, en el Sindicato de Farmacia junto a Jorge Di Pascuale y en los a\u00f1os 90 acompa\u00f1ando a Germ\u00e1n Abdala con quien se form\u00f3 pol\u00edticamente.<\/span><\/p>\n","protected":false},"excerpt":{"rendered":"<p>Fernando Mu\u00f1oz expres\u00f3 su compromiso ante el Cuerpo Parlamentario al formalizar este jueves su incorporaci\u00f3n como integrante del bloque Frente Progresista Popular tras la renuncia de Susana Rinaldi. Antes, por Secretar\u00eda se mencion\u00f3 que de acuerdo a la n\u00f3mina oficializada por la justicia electoral como resultado de la elecci\u00f3n del 10 de julio de 2011 [&hellip;]<\/p>\n","protected":false},"author":2,"featured_media":24931,"comment_status":"open","ping_status":"open","sticky":false,"template":"","format":"standard","meta":{"_et_pb_use_builder":"","_et_pb_old_content":"","_et_gb_content_width":"","footnotes":""},"categories":[11,44],"tags":[],"class_list":["post-24930","post","type-post","status-publish","format-standard","has-post-thumbnail","hentry","category-ciudad","category-funcionarios-de-la-caba"],"_links":{"self":[{"href":"https:\/\/vocesdebaires.com.ar\/index.php\/wp-json\/wp\/v2\/posts\/24930"}],"collection":[{"href":"https:\/\/vocesdebaires.com.ar\/index.php\/wp-json\/wp\/v2\/posts"}],"about":[{"href":"https:\/\/vocesdebaires.com.ar\/index.php\/wp-json\/wp\/v2\/types\/post"}],"author":[{"embeddable":true,"href":"https:\/\/vocesdebaires.com.ar\/index.php\/wp-json\/wp\/v2\/users\/2"}],"replies":[{"embeddable":true,"href":"https:\/\/vocesdebaires.com.ar\/index.php\/wp-json\/wp\/v2\/comments?post=24930"}],"version-history":[{"count":0,"href":"https:\/\/vocesdebaires.com.ar\/index.php\/wp-json\/wp\/v2\/posts\/24930\/revisions"}],"wp:featuredmedia":[{"embeddable":true,"href":"https:\/\/vocesdebaires.com.ar\/index.php\/wp-json\/wp\/v2\/media\/24931"}],"wp:attachment":[{"href":"https:\/\/vocesdebaires.com.ar\/index.php\/wp-json\/wp\/v2\/media?parent=24930"}],"wp:term":[{"taxonomy":"category","embeddable":true,"href":"https:\/\/vocesdebaires.com.ar\/index.php\/wp-json\/wp\/v2\/categories?post=24930"},{"taxonomy":"post_tag","embeddable":true,"href":"https:\/\/vocesdebaires.com.ar\/index.php\/wp-json\/wp\/v2\/tags?post=24930"}],"curies":[{"name":"wp","href":"https:\/\/api.w.org\/{rel}","templated":true}]}}