{"id":24933,"date":"2014-10-24T14:54:45","date_gmt":"2014-10-24T17:54:45","guid":{"rendered":"http:\/\/vocesdebaires.com.ar\/wordpress\/index.php\/2014\/10\/24\/taiana-encabeza-encuentro-nacional-de-educacion\/"},"modified":"2014-10-24T14:54:45","modified_gmt":"2014-10-24T17:54:45","slug":"taiana-encabeza-encuentro-nacional-de-educacion","status":"publish","type":"post","link":"https:\/\/vocesdebaires.com.ar\/index.php\/2014\/10\/24\/taiana-encabeza-encuentro-nacional-de-educacion\/","title":{"rendered":"Taiana encabeza encuentro Nacional de Educaci\u00f3n"},"content":{"rendered":"<p><span style=\"line-height: 1.3em;\">El precandidato presidencial del FPV Jorge Taiana organiza el Encuentro de Educaci\u00f3n \u00abNuevos Desaf\u00edos, por una educaci\u00f3n justa, igualitaria y de calidad\u00bb, donde se dar\u00e1n cita cientos de educadores, especialistas, acad\u00e9micos, estudiantes y referentes sociales y pol\u00edticos para debatir, reflexionar y pensar propuestas educativas de cara al futuro. <\/span><\/p>\n<p><span style=\"line-height: 1.3em;\">El ex Canciller realiza esta gran convocatoria para debatir la educaci\u00f3n para el futuro y propone que en este encuentro se puedan consolidar y profundizar los logros educativos alcanzados, analizar las experiencias pedag\u00f3gicas desde m\u00faltiples perspectivas, compartir las distintas experiencias de la educaci\u00f3n popular, reflexionar sobre la calidad y los contenidos de la educaci\u00f3n y aportar a la creaci\u00f3n de un movimiento pedag\u00f3gico que d\u00e9 sost\u00e9n a las pol\u00edticas estatales de profundizaci\u00f3n del derecho a la educaci\u00f3n. <\/span><\/p>\n<p><span style=\"line-height: 1.3em;\">Taiana expres\u00f3 que \u00abproponemos un Encuentro de Educaci\u00f3n que, adem\u00e1s de reafirmar lo realizado, invite a pensar, debatir e imaginar los desaf\u00edos a futuro, promoviendo una educaci\u00f3n justa y de calidad que garantice el derecho educativo para todos los ciudadanos\u00bb. <\/span><span style=\"line-height: 1.3em;\">El encuentro se llevar\u00e1 a cabo los d\u00edas 24 y 25 de octubre en la Ciudad de Buenos Aires: el viernes 24 la sede del encuentro ser\u00e1 la UMET (Sarmiento 2037) y el s\u00e1bado 25 ser\u00e1 en la sede de Constituci\u00f3n de la Facultad de Ciencias Sociales de la UBA (Santiago del Estero 1029). \u00a0Ser\u00e1n panelistas Juan Carlos Tedesco, Eduardo L\u00f3pez, Adriana Puiggr\u00f3s, Mario Oporto, Mara Brawer, Graciela Morgade, Emilce Moler, Nicol\u00e1s Trotta, Mary Sanchez, Eduardo Aragundi, Roxana Perazza, Lidia Rodr\u00edguez, Mario Almir\u00f3n, Pedro Sanllorenti, entre otros. La mesa final tendr\u00e1 como expositor al periodista Mario Wainfeld y el discurso de cierre estar\u00e1 a cargo de Jorge Taiana.<\/span><\/p>\n","protected":false},"excerpt":{"rendered":"<p>El precandidato presidencial del FPV Jorge Taiana organiza el Encuentro de Educaci\u00f3n \u00abNuevos Desaf\u00edos, por una educaci\u00f3n justa, igualitaria y de calidad\u00bb, donde se dar\u00e1n cita cientos de educadores, especialistas, acad\u00e9micos, estudiantes y referentes sociales y pol\u00edticos para debatir, reflexionar y pensar propuestas educativas de cara al futuro. El ex Canciller realiza esta gran convocatoria [&hellip;]<\/p>\n","protected":false},"author":2,"featured_media":24934,"comment_status":"open","ping_status":"open","sticky":false,"template":"","format":"standard","meta":{"_et_pb_use_builder":"","_et_pb_old_content":"","_et_gb_content_width":"","footnotes":""},"categories":[11,44],"tags":[],"class_list":["post-24933","post","type-post","status-publish","format-standard","has-post-thumbnail","hentry","category-ciudad","category-funcionarios-de-la-caba"],"_links":{"self":[{"href":"https:\/\/vocesdebaires.com.ar\/index.php\/wp-json\/wp\/v2\/posts\/24933"}],"collection":[{"href":"https:\/\/vocesdebaires.com.ar\/index.php\/wp-json\/wp\/v2\/posts"}],"about":[{"href":"https:\/\/vocesdebaires.com.ar\/index.php\/wp-json\/wp\/v2\/types\/post"}],"author":[{"embeddable":true,"href":"https:\/\/vocesdebaires.com.ar\/index.php\/wp-json\/wp\/v2\/users\/2"}],"replies":[{"embeddable":true,"href":"https:\/\/vocesdebaires.com.ar\/index.php\/wp-json\/wp\/v2\/comments?post=24933"}],"version-history":[{"count":0,"href":"https:\/\/vocesdebaires.com.ar\/index.php\/wp-json\/wp\/v2\/posts\/24933\/revisions"}],"wp:featuredmedia":[{"embeddable":true,"href":"https:\/\/vocesdebaires.com.ar\/index.php\/wp-json\/wp\/v2\/media\/24934"}],"wp:attachment":[{"href":"https:\/\/vocesdebaires.com.ar\/index.php\/wp-json\/wp\/v2\/media?parent=24933"}],"wp:term":[{"taxonomy":"category","embeddable":true,"href":"https:\/\/vocesdebaires.com.ar\/index.php\/wp-json\/wp\/v2\/categories?post=24933"},{"taxonomy":"post_tag","embeddable":true,"href":"https:\/\/vocesdebaires.com.ar\/index.php\/wp-json\/wp\/v2\/tags?post=24933"}],"curies":[{"name":"wp","href":"https:\/\/api.w.org\/{rel}","templated":true}]}}