{"id":2507,"date":"2020-11-03T03:34:11","date_gmt":"2020-11-03T06:34:11","guid":{"rendered":"http:\/\/vocesdebaires.com.ar\/wordpress\/index.php\/2020\/11\/03\/visita-guiada-virtual-a-la-catedral-2\/"},"modified":"2020-11-03T03:34:11","modified_gmt":"2020-11-03T06:34:11","slug":"visita-guiada-virtual-a-la-catedral-2","status":"publish","type":"post","link":"https:\/\/vocesdebaires.com.ar\/index.php\/2020\/11\/03\/visita-guiada-virtual-a-la-catedral-2\/","title":{"rendered":"Visita Guiada Virtual a la Catedral"},"content":{"rendered":"<p>Este viernes 6 de noviembre a las 10h, la Direcci\u00f3n General de Entidades y Cultos te invita a visitar de manera virtual la Catedral Metropolitana de Buenos Aires, monumento hist\u00f3rico nacional. Recorreremos sus imponentes retablos, su cripta, museo y Mausoleo a San Mart\u00edn. Tambi\u00e9n vas a poder disfrutar de una emocionante pieza musical desde su \u00f3rgano de tubo, \u00a1un gran tesoro de nuestra Ciudad!<\/p>\n<p>El actual edificio de la Iglesia Metropolitana de la Sant\u00edsima Trinidad de Buenos Aires, consagrada catedral en 1836, es el sexto que se levanta en el solar que Juan de Garay le asignara al trazar el plano de la ciudad, en 1580. Se sabe que el quinto de los templos se levant\u00f3 en 1682, pero su construcci\u00f3n era tan precaria que en 1727 debi\u00f3 rehacerse la fachada (obra que se atribuye al arquitecto jesuita, Andr\u00e9s Blanqui). Tras un derrumbe total en 1752, la iglesia definitiva fue proyectada en 1754 por el arquitecto saboyano, Antonio Masella.<\/p>\n<p>La actual fachada fue dise\u00f1ada en 1822 por el franc\u00e9s Pr\u00f3spero Catelin, uno de los t\u00e9cnicos europeos contratados por Rivadavia para trabajar en el pa\u00eds. El p\u00f3rtico de estilo neocl\u00e1sico, le otorga un car\u00e1cter m\u00e1s civil que religioso. El frontispicio, que representa el reencuentro del patriarca Jacob con su hijo Jos\u00e9, fue realizado en 1860 y 1863 por Joseph Dubourdieu. Entre las valiosas obras de arte que se conservan en su interior, se destacan el altar mayor, obra de Isidro de Lorea, la imagen de la Virgen de los Dolores y el Santo Cristo de Buenos Aires, obra del siglo XVII. La visita virtual ser\u00e1 transmitida en <a href=\"https:\/\/www.facebook.com\/dgcultos\/\">https:\/\/www.facebook.com\/dgcultos\/<\/a> este viernes 6 de noviembre a las 10h y es parte del Ciclo de Visitas Guiadas gratuitas a templos y lugares de cultos, que suceden cada primer y tercer viernes de mes. Las transmisiones son en vivo y quedan grabadas para que las veas cuando quieras.<\/p>\n","protected":false},"excerpt":{"rendered":"<p>Este viernes 6 de noviembre a las 10h, la Direcci\u00f3n General de Entidades y Cultos te invita a visitar de manera virtual la Catedral Metropolitana de Buenos Aires, monumento hist\u00f3rico nacional. Recorreremos sus imponentes retablos, su cripta, museo y Mausoleo a San Mart\u00edn. Tambi\u00e9n vas a poder disfrutar de una emocionante pieza musical desde su [&hellip;]<\/p>\n","protected":false},"author":1,"featured_media":2483,"comment_status":"open","ping_status":"open","sticky":false,"template":"","format":"standard","meta":{"_et_pb_use_builder":"","_et_pb_old_content":"","_et_gb_content_width":"","footnotes":""},"categories":[11,33],"tags":[],"class_list":["post-2507","post","type-post","status-publish","format-standard","has-post-thumbnail","hentry","category-ciudad","category-sociedad-y-cultura-2"],"_links":{"self":[{"href":"https:\/\/vocesdebaires.com.ar\/index.php\/wp-json\/wp\/v2\/posts\/2507"}],"collection":[{"href":"https:\/\/vocesdebaires.com.ar\/index.php\/wp-json\/wp\/v2\/posts"}],"about":[{"href":"https:\/\/vocesdebaires.com.ar\/index.php\/wp-json\/wp\/v2\/types\/post"}],"author":[{"embeddable":true,"href":"https:\/\/vocesdebaires.com.ar\/index.php\/wp-json\/wp\/v2\/users\/1"}],"replies":[{"embeddable":true,"href":"https:\/\/vocesdebaires.com.ar\/index.php\/wp-json\/wp\/v2\/comments?post=2507"}],"version-history":[{"count":0,"href":"https:\/\/vocesdebaires.com.ar\/index.php\/wp-json\/wp\/v2\/posts\/2507\/revisions"}],"wp:featuredmedia":[{"embeddable":true,"href":"https:\/\/vocesdebaires.com.ar\/index.php\/wp-json\/wp\/v2\/media\/2483"}],"wp:attachment":[{"href":"https:\/\/vocesdebaires.com.ar\/index.php\/wp-json\/wp\/v2\/media?parent=2507"}],"wp:term":[{"taxonomy":"category","embeddable":true,"href":"https:\/\/vocesdebaires.com.ar\/index.php\/wp-json\/wp\/v2\/categories?post=2507"},{"taxonomy":"post_tag","embeddable":true,"href":"https:\/\/vocesdebaires.com.ar\/index.php\/wp-json\/wp\/v2\/tags?post=2507"}],"curies":[{"name":"wp","href":"https:\/\/api.w.org\/{rel}","templated":true}]}}