{"id":25165,"date":"2014-11-14T15:01:57","date_gmt":"2014-11-14T18:01:57","guid":{"rendered":"http:\/\/vocesdebaires.com.ar\/wordpress\/index.php\/2014\/11\/14\/jonas-gutierrez-personalidad-destacada-del-deporte\/"},"modified":"2014-11-14T15:01:57","modified_gmt":"2014-11-14T18:01:57","slug":"jonas-gutierrez-personalidad-destacada-del-deporte","status":"publish","type":"post","link":"https:\/\/vocesdebaires.com.ar\/index.php\/2014\/11\/14\/jonas-gutierrez-personalidad-destacada-del-deporte\/","title":{"rendered":"Jon\u00e1s Guti\u00e9rrez, Personalidad Destacada del Deporte"},"content":{"rendered":"<p><span style=\"line-height: 1.3em;\">La ceremonia en la cual se distingui\u00f3 a Jon\u00e1s Guti\u00e9rrez como Personalidad Destacada del Deporte de la Ciudad de Buenos Aires se realiz\u00f3 ayer por la tarde -noche \u00a0en el Sal\u00f3n Dorado de la Legislatura porte\u00f1a y cont\u00f3 con la presencia de familiares, amigos y colegas del homenajeado. La iniciativa fue elevada al parlamento por los diputados Enzo Pagani, Cristian Ritondo, Roberto Quattromano y Karina Spalla (PRO) y fue aprobada el pasado 23 de octubre.<\/span><\/p>\n<p>El Vicepresidente I del Cuerpo parlamentario, diputado Cristian Ritondo destac\u00f3 al encabezar el acto: \u00abVos y tu familia dieron una batalla superior, de las m\u00e1s dif\u00edciles. Sos un orgullo para nosotros. Nos demostraste que la fuerza de voluntad vence lo que sea\u00bb. En tanto, el diputado Enzo Pagani resalt\u00f3 que \u00abeste tipo de reconocimientos nos acerca a las cosas de la vida. Este momento es para \u00e9l, para que lo disfrute y para que nosotros aprendamos sobre su pelea contra la enfermedad\u00bb.<\/p>\n<p>Un momento que gener\u00f3 mucha emoci\u00f3n fue cuando la mam\u00e1 de Guti\u00e9rrez, M\u00f3nica Montore agradeci\u00f3 la distinci\u00f3n a Jon\u00e1s y a los m\u00e9dicos que lo trataron. Tambi\u00e9n hizo un repaso de su carrera futbol\u00edstica y del momento dif\u00edcil que atraves\u00f3 su hijo: \u00abLa pelota hace un a\u00f1o que te est\u00e1 esperando. Est\u00e1 esperando compartir tus piques, tus carreras por las bandas, que las acaricie con sus gambetas, que las metas dentro de un arco. Esa pelota, esper\u00f3 que le ganaras a la enfermedad que te ten\u00eda toda la fe, como todos nosotros, que lo ibas a superar. Ahora, quieta, en el verde c\u00e9sped de alguna cancha, la pelota, Jon\u00e1s, te est\u00e1 esperando\u00bb, sostuvo entre l\u00e1grimas.<\/p>\n<p><span style=\"line-height: 1.3em;\">\u00abTodo se logra con esfuerzo y sacrificio, queri\u00e9ndolo con el coraz\u00f3n. Hablar de c\u00e1ncer no es hablar de muerte y uno tiene que ser muy positivo y creer en lo que sea para superarlo. Yo por eso pude pasar la enfermedad\u00bb afirm\u00f3 Guti\u00e9rrez y agreg\u00f3 que \u00abojal\u00e1 muchos se puedan sentir identificados pero ac\u00e1 lo importante es mirar siempre hacia adelante\u00bb.<\/span><span style=\"line-height: 1.3em;\">La ley 5120 sancionada por la Legislatura resalta en sus fundamentos que \u00abJon\u00e1s se destaca por ser un gladiador no solo del f\u00fatbol y el deporte, sino de la vida, y un embajador en todo el mundo. Nos debemos, como argentinos, a este enorme luchador, que deja demostrado que la fuerza de voluntad y el cari\u00f1o de todos vence lo que sea y sin duda alguna podr\u00e1 salir adelante\u00bb. El \u00abGalgo\u00bb debut\u00f3 en V\u00e9lez S\u00e1rsfield en el 2001. Cuatro a\u00f1os m\u00e1s tarde pas\u00f3 al Mallorca de Espa\u00f1a, donde estuvo hasta mediados del 2008. Desde aquel entonces jug\u00f3 en Newcastle de Inglaterra hasta enero de este a\u00f1o, cuando fue cedido a pr\u00e9stamo al Norwich del mismo pa\u00eds.<\/span><\/p>\n<p>Participaron de la ceremonia el presidente del Club Atl\u00e9tico V\u00e9lez S\u00e1rsfield, Miguel Calello, el ex arquero de la instituci\u00f3n, Jos\u00e9 Luis Chilavert, el director t\u00e9cnico Edgardo Bauza, el vocero de la Asociaci\u00f3n del F\u00fatbol Argentino (AFA), Ernesto Cherquis Bialo, la directora de la FUCA (Fundaci\u00f3n C\u00e1ncer) quien hizo entrega a Guti\u00e9rrez de un presente por su lucha contra la enfermedad, entre otros.<\/p>\n<p>Su partido m\u00e1s dif\u00edcil<\/p>\n<p>De chico sufri\u00f3 una par\u00e1lisis total en la parte izquierda del cuerpo y le fue recomendada la pr\u00e1ctica de ejercicios f\u00edsicos. La mayor parte de su tiempo realizaba carreras y gan\u00f3 varios premios por ello. Luego, se dedic\u00f3 al f\u00fatbol. Hoy, a sus 31 a\u00f1os, revel\u00f3 que el a\u00f1o pasado le detectaron un tumor maligno en el test\u00edculo izquierdo llamado \u201cseminoma\u201d. El mismo fue detectado despu\u00e9s de sufrir un fuerte golpe en un partido. El duro momento empez\u00f3 de la manera menos pensada, pero siempre prefiri\u00f3 que los m\u00e9dicos fueran frontales, por lo que decidi\u00f3 internarse en la Argentina, en donde pod\u00eda entender todo lo que estaba pasando. Al llegar a Buenos Aires, se someti\u00f3 a una intervenci\u00f3n quir\u00fargica donde le extirparon el test\u00edculo izquierdo, evit\u00e1ndole as\u00ed, una posible futura met\u00e1stasis en el test&amp;ia cute;culo contralateral.<\/p>\n<p>Al empezar sus vacaciones, se enter\u00f3 que la patolog\u00eda no hab\u00eda desaparecido del todo, confirm\u00e1ndolo posteriormente mediante una detecci\u00f3n de ganglios suprarrenales inflamados. El tratamiento indicado fue la quimioterapia. Pero despu\u00e9s de tanto pelearla, a principios de noviembre Jon\u00e1s recibi\u00f3 la esperada noticia producto del an\u00e1lisis de los \u00faltimos estudios: el alta m\u00e9dica. Adem\u00e1s ya adelant\u00f3 que en diciembre pr\u00f3ximo volver\u00e1 a Inglaterra para reincorporarse a Newcastle.<\/p>\n<p>Foto \u00a0:El diputado Enzo Pagani; el homenajeado, Jon\u00e1s Guti\u00e9rrez; el Vicepresidente I de la Legislatura, diputado Cristian Ritondo y el diputado Roberto Quattromano (PRO)<\/p>\n","protected":false},"excerpt":{"rendered":"<p>La ceremonia en la cual se distingui\u00f3 a Jon\u00e1s Guti\u00e9rrez como Personalidad Destacada del Deporte de la Ciudad de Buenos Aires se realiz\u00f3 ayer por la tarde -noche \u00a0en el Sal\u00f3n Dorado de la Legislatura porte\u00f1a y cont\u00f3 con la presencia de familiares, amigos y colegas del homenajeado. La iniciativa fue elevada al parlamento por [&hellip;]<\/p>\n","protected":false},"author":2,"featured_media":25166,"comment_status":"open","ping_status":"open","sticky":false,"template":"","format":"standard","meta":{"_et_pb_use_builder":"","_et_pb_old_content":"","_et_gb_content_width":"","footnotes":""},"categories":[14,50],"tags":[],"class_list":["post-25165","post","type-post","status-publish","format-standard","has-post-thumbnail","hentry","category-deportes","category-futbol-internacional-2"],"_links":{"self":[{"href":"https:\/\/vocesdebaires.com.ar\/index.php\/wp-json\/wp\/v2\/posts\/25165"}],"collection":[{"href":"https:\/\/vocesdebaires.com.ar\/index.php\/wp-json\/wp\/v2\/posts"}],"about":[{"href":"https:\/\/vocesdebaires.com.ar\/index.php\/wp-json\/wp\/v2\/types\/post"}],"author":[{"embeddable":true,"href":"https:\/\/vocesdebaires.com.ar\/index.php\/wp-json\/wp\/v2\/users\/2"}],"replies":[{"embeddable":true,"href":"https:\/\/vocesdebaires.com.ar\/index.php\/wp-json\/wp\/v2\/comments?post=25165"}],"version-history":[{"count":0,"href":"https:\/\/vocesdebaires.com.ar\/index.php\/wp-json\/wp\/v2\/posts\/25165\/revisions"}],"wp:featuredmedia":[{"embeddable":true,"href":"https:\/\/vocesdebaires.com.ar\/index.php\/wp-json\/wp\/v2\/media\/25166"}],"wp:attachment":[{"href":"https:\/\/vocesdebaires.com.ar\/index.php\/wp-json\/wp\/v2\/media?parent=25165"}],"wp:term":[{"taxonomy":"category","embeddable":true,"href":"https:\/\/vocesdebaires.com.ar\/index.php\/wp-json\/wp\/v2\/categories?post=25165"},{"taxonomy":"post_tag","embeddable":true,"href":"https:\/\/vocesdebaires.com.ar\/index.php\/wp-json\/wp\/v2\/tags?post=25165"}],"curies":[{"name":"wp","href":"https:\/\/api.w.org\/{rel}","templated":true}]}}