{"id":2527,"date":"2020-10-05T03:00:00","date_gmt":"2020-10-05T06:00:00","guid":{"rendered":"http:\/\/vocesdebaires.com.ar\/wordpress\/index.php\/2020\/10\/05\/flores-la-policia-detuvo-a-un-arrebatador\/"},"modified":"2020-10-05T03:00:00","modified_gmt":"2020-10-05T06:00:00","slug":"flores-la-policia-detuvo-a-un-arrebatador","status":"publish","type":"post","link":"https:\/\/vocesdebaires.com.ar\/index.php\/2020\/10\/05\/flores-la-policia-detuvo-a-un-arrebatador\/","title":{"rendered":"Flores: La polic\u00eda detuvo a un arrebatador"},"content":{"rendered":"<p>Personal de la Comisar\u00eda Vecinal 7 C de la Polic\u00eda de la Ciudad, que se encontraba d\u00edas atr\u00e1s realizando tareas de despliegue territorial, observ\u00f3 a un hombre que persegu\u00eda a otra persona pidiendo ayuda.<br \/>Inmediatamente, se inici\u00f3 una persecuci\u00f3n y los oficiales lograron demorarlo en la intersecci\u00f3n de la avenida Avellaneda y Cuenta. Con la presencia de dos testigos, lo requisaron encontrando en su poder la cadenita de oro que hab\u00eda sido sustra\u00edda. El Juzgado en lo Criminal y Correccional N\u00famero 42, a cargo de la doctora Lanz, Secretar\u00eda N\u00famero 106, dispuso la detenci\u00f3n del delincuente y su traslado a la Alcaid\u00eda de la zona de la Polic\u00eda de la Ciudad.<\/p>\n","protected":false},"excerpt":{"rendered":"<p>Personal de la Comisar\u00eda Vecinal 7 C de la Polic\u00eda de la Ciudad, que se encontraba d\u00edas atr\u00e1s realizando tareas de despliegue territorial, observ\u00f3 a un hombre que persegu\u00eda a otra persona pidiendo ayuda.Inmediatamente, se inici\u00f3 una persecuci\u00f3n y los oficiales lograron demorarlo en la intersecci\u00f3n de la avenida Avellaneda y Cuenta. Con la presencia [&hellip;]<\/p>\n","protected":false},"author":1,"featured_media":2528,"comment_status":"open","ping_status":"open","sticky":false,"template":"","format":"standard","meta":{"_et_pb_use_builder":"","_et_pb_old_content":"","_et_gb_content_width":"","footnotes":""},"categories":[11,32],"tags":[],"class_list":["post-2527","post","type-post","status-publish","format-standard","has-post-thumbnail","hentry","category-ciudad","category-comunas"],"_links":{"self":[{"href":"https:\/\/vocesdebaires.com.ar\/index.php\/wp-json\/wp\/v2\/posts\/2527"}],"collection":[{"href":"https:\/\/vocesdebaires.com.ar\/index.php\/wp-json\/wp\/v2\/posts"}],"about":[{"href":"https:\/\/vocesdebaires.com.ar\/index.php\/wp-json\/wp\/v2\/types\/post"}],"author":[{"embeddable":true,"href":"https:\/\/vocesdebaires.com.ar\/index.php\/wp-json\/wp\/v2\/users\/1"}],"replies":[{"embeddable":true,"href":"https:\/\/vocesdebaires.com.ar\/index.php\/wp-json\/wp\/v2\/comments?post=2527"}],"version-history":[{"count":0,"href":"https:\/\/vocesdebaires.com.ar\/index.php\/wp-json\/wp\/v2\/posts\/2527\/revisions"}],"wp:featuredmedia":[{"embeddable":true,"href":"https:\/\/vocesdebaires.com.ar\/index.php\/wp-json\/wp\/v2\/media\/2528"}],"wp:attachment":[{"href":"https:\/\/vocesdebaires.com.ar\/index.php\/wp-json\/wp\/v2\/media?parent=2527"}],"wp:term":[{"taxonomy":"category","embeddable":true,"href":"https:\/\/vocesdebaires.com.ar\/index.php\/wp-json\/wp\/v2\/categories?post=2527"},{"taxonomy":"post_tag","embeddable":true,"href":"https:\/\/vocesdebaires.com.ar\/index.php\/wp-json\/wp\/v2\/tags?post=2527"}],"curies":[{"name":"wp","href":"https:\/\/api.w.org\/{rel}","templated":true}]}}