{"id":2538,"date":"2020-10-02T03:00:00","date_gmt":"2020-10-02T06:00:00","guid":{"rendered":"http:\/\/vocesdebaires.com.ar\/wordpress\/index.php\/2020\/10\/02\/autodromo-porteno-se-prepara-para-recibir-tc\/"},"modified":"2020-10-02T03:00:00","modified_gmt":"2020-10-02T06:00:00","slug":"autodromo-porteno-se-prepara-para-recibir-tc","status":"publish","type":"post","link":"https:\/\/vocesdebaires.com.ar\/index.php\/2020\/10\/02\/autodromo-porteno-se-prepara-para-recibir-tc\/","title":{"rendered":"Aut\u00f3dromo porte\u00f1o se prepara para recibir TC"},"content":{"rendered":"<p>El Turismo Carretera llevar\u00e1 a cabo su quinta fecha del campeonato en el Aut\u00f3dromo de la Ciudad de Buenos Aires Oscar y Juan G\u00e1lvez, el fin de semana venidero. La \u00faltima vez que la m\u00e1xima categor\u00eda del automovilismo nacional visit\u00f3 el trazado porte\u00f1o fue en 2018, en el marco de la segunda edici\u00f3n de los 1.000 kil\u00f3metros. Si bien la actividad en pista comenzar\u00e1 el s\u00e1bado, la Asociaci\u00f3n Corredores Turismo Carretera (ACTC) junto al equipo del aut\u00f3dromo comenzaron a realizar trabajos en conjunto. En este caso, la competencia se desarrollar\u00e1 en el circuito N\u00b0 12 (tambi\u00e9n utilizado para las dos ediciones de los 1.000 km de Buenos Aires, en 2017 y 2018).<\/p>\n<p>Los trabajos contemplan la redistribuci\u00f3n de las defensas el\u00e1sticas, demarcaci\u00f3n horizontal y sanitizaci\u00f3n completa de la zona de boxes, entre otras tareas. El Vicejefe de Gobierno de la Ciudad Diego Santilli, destac\u00f3 sobre la vuelta de las competencias, que \u201cla familia del automovilismo est\u00e1 demostrando un formidable profesionalismo y haciendo un gran esfuerzo para ajustar toda la actividad a los protocolos sanitarios\u201d. Con respecto a los protocolos sanitarios, Santilli agreg\u00f3: \u201cEl Turismo Carretera montar\u00e1 un operativo similar al que implement\u00f3 en San Nicol\u00e1s\u201d.<\/p>\n<p><strong>Cronograma de cara al regreso del TC al G\u00e1lvez<\/strong><br \/>hoy \u00a0viernes ingresar\u00e1n los equipos; el s\u00e1bado se desarrollar\u00e1n dos tandas de entrenamientos y una prueba clasificatoria para cada categor\u00eda. Mientras que el domingo se disputar\u00e1n las series correspondientes, y sus respectivas finales. El G\u00e1lvez reabri\u00f3 sus puertas el 19 de agosto, cuando se puso en marcha la etapa 1 del Plan de Reactivaci\u00f3n del Automovilismo, que contempl\u00f3 pruebas de pista, sin competencias en esa instancia. Este fin de semana, ser\u00e1 el escenario que reciba al Turismo Carretera, luego de aproximadamente dos a\u00f1os.<\/p>\n","protected":false},"excerpt":{"rendered":"<p>El Turismo Carretera llevar\u00e1 a cabo su quinta fecha del campeonato en el Aut\u00f3dromo de la Ciudad de Buenos Aires Oscar y Juan G\u00e1lvez, el fin de semana venidero. La \u00faltima vez que la m\u00e1xima categor\u00eda del automovilismo nacional visit\u00f3 el trazado porte\u00f1o fue en 2018, en el marco de la segunda edici\u00f3n de los [&hellip;]<\/p>\n","protected":false},"author":1,"featured_media":2539,"comment_status":"open","ping_status":"open","sticky":false,"template":"","format":"standard","meta":{"_et_pb_use_builder":"","_et_pb_old_content":"","_et_gb_content_width":"","footnotes":""},"categories":[11,33],"tags":[],"class_list":["post-2538","post","type-post","status-publish","format-standard","has-post-thumbnail","hentry","category-ciudad","category-sociedad-y-cultura-2"],"_links":{"self":[{"href":"https:\/\/vocesdebaires.com.ar\/index.php\/wp-json\/wp\/v2\/posts\/2538"}],"collection":[{"href":"https:\/\/vocesdebaires.com.ar\/index.php\/wp-json\/wp\/v2\/posts"}],"about":[{"href":"https:\/\/vocesdebaires.com.ar\/index.php\/wp-json\/wp\/v2\/types\/post"}],"author":[{"embeddable":true,"href":"https:\/\/vocesdebaires.com.ar\/index.php\/wp-json\/wp\/v2\/users\/1"}],"replies":[{"embeddable":true,"href":"https:\/\/vocesdebaires.com.ar\/index.php\/wp-json\/wp\/v2\/comments?post=2538"}],"version-history":[{"count":0,"href":"https:\/\/vocesdebaires.com.ar\/index.php\/wp-json\/wp\/v2\/posts\/2538\/revisions"}],"wp:featuredmedia":[{"embeddable":true,"href":"https:\/\/vocesdebaires.com.ar\/index.php\/wp-json\/wp\/v2\/media\/2539"}],"wp:attachment":[{"href":"https:\/\/vocesdebaires.com.ar\/index.php\/wp-json\/wp\/v2\/media?parent=2538"}],"wp:term":[{"taxonomy":"category","embeddable":true,"href":"https:\/\/vocesdebaires.com.ar\/index.php\/wp-json\/wp\/v2\/categories?post=2538"},{"taxonomy":"post_tag","embeddable":true,"href":"https:\/\/vocesdebaires.com.ar\/index.php\/wp-json\/wp\/v2\/tags?post=2538"}],"curies":[{"name":"wp","href":"https:\/\/api.w.org\/{rel}","templated":true}]}}