{"id":25419,"date":"2014-01-08T15:01:41","date_gmt":"2014-01-08T18:01:41","guid":{"rendered":"http:\/\/vocesdebaires.com.ar\/wordpress\/index.php\/2014\/01\/08\/los-64-partidos-iran-por-television-abierta-2\/"},"modified":"2014-01-08T15:01:41","modified_gmt":"2014-01-08T18:01:41","slug":"los-64-partidos-iran-por-television-abierta-2","status":"publish","type":"post","link":"https:\/\/vocesdebaires.com.ar\/index.php\/2014\/01\/08\/los-64-partidos-iran-por-television-abierta-2\/","title":{"rendered":"Los 64 partidos ir\u00e1n por televisi\u00f3n abierta"},"content":{"rendered":"<p><span style=\"line-height: 1.3em;\">El gobierno anunci\u00f3 ayer que el programa F\u00fatbol para Todos transmitir\u00e1 los 64 partidos del Mundial 2014 por las pantallas de la TV P\u00fablica y de la se\u00f1al DeporTV de la televisi\u00f3n digital. Jorge Capitanich, jefe de Gabinete de la Naci\u00f3n, encabez\u00f3 el acto y estuvo acompa\u00f1ado por el presidente de la AFA, Julio Grondona; la ministra de Desarrollo Social, Alicia Kirchner; el titular de Radio y Televisi\u00f3n Argentina, Trist\u00e1n Bauer; el coordinador de FPT, Pablo Paladino; y el ayudante de campo de Alejandro Sabella, Julian Camino.<\/span><\/p>\n<p><span style=\"line-height: 1.3em;\">Ambos canales emitir\u00e1n 32 encuentros en directo, entre ellos todos los partidos de la Selecci\u00f3n, los de cuartos de final, las semifinales y la final, seg\u00fan expres\u00f3 Paladino. El resto ir\u00e1 en diferido. En tanto, Capitanich enfatiz\u00f3 que \u201cun Mundial conlleva la identidad de un pa\u00eds\u201d porque \u201cnos sentimos representados en nuestros s\u00edmbolos\u201d. A su turno, Grondona mostr\u00f3 su ilusi\u00f3n. \u201cLa AFA y los clubes han cumplido con su deber. El destino dir\u00e1 si empezamos en el Maracan\u00e1 y terminamos en el Maracan\u00e1\u201d, se ilusion\u00f3 el dirigente, en referencia a la sede del debut argentino y del cierre del certamen.<\/span><\/p>\n","protected":false},"excerpt":{"rendered":"<p>El gobierno anunci\u00f3 ayer que el programa F\u00fatbol para Todos transmitir\u00e1 los 64 partidos del Mundial 2014 por las pantallas de la TV P\u00fablica y de la se\u00f1al DeporTV de la televisi\u00f3n digital. Jorge Capitanich, jefe de Gabinete de la Naci\u00f3n, encabez\u00f3 el acto y estuvo acompa\u00f1ado por el presidente de la AFA, Julio Grondona; [&hellip;]<\/p>\n","protected":false},"author":2,"featured_media":22033,"comment_status":"open","ping_status":"open","sticky":false,"template":"","format":"standard","meta":{"_et_pb_use_builder":"","_et_pb_old_content":"","_et_gb_content_width":"","footnotes":""},"categories":[39,14],"tags":[],"class_list":["post-25419","post","type-post","status-publish","format-standard","has-post-thumbnail","hentry","category-1o-division-a","category-deportes"],"_links":{"self":[{"href":"https:\/\/vocesdebaires.com.ar\/index.php\/wp-json\/wp\/v2\/posts\/25419"}],"collection":[{"href":"https:\/\/vocesdebaires.com.ar\/index.php\/wp-json\/wp\/v2\/posts"}],"about":[{"href":"https:\/\/vocesdebaires.com.ar\/index.php\/wp-json\/wp\/v2\/types\/post"}],"author":[{"embeddable":true,"href":"https:\/\/vocesdebaires.com.ar\/index.php\/wp-json\/wp\/v2\/users\/2"}],"replies":[{"embeddable":true,"href":"https:\/\/vocesdebaires.com.ar\/index.php\/wp-json\/wp\/v2\/comments?post=25419"}],"version-history":[{"count":0,"href":"https:\/\/vocesdebaires.com.ar\/index.php\/wp-json\/wp\/v2\/posts\/25419\/revisions"}],"wp:featuredmedia":[{"embeddable":true,"href":"https:\/\/vocesdebaires.com.ar\/index.php\/wp-json\/wp\/v2\/media\/22033"}],"wp:attachment":[{"href":"https:\/\/vocesdebaires.com.ar\/index.php\/wp-json\/wp\/v2\/media?parent=25419"}],"wp:term":[{"taxonomy":"category","embeddable":true,"href":"https:\/\/vocesdebaires.com.ar\/index.php\/wp-json\/wp\/v2\/categories?post=25419"},{"taxonomy":"post_tag","embeddable":true,"href":"https:\/\/vocesdebaires.com.ar\/index.php\/wp-json\/wp\/v2\/tags?post=25419"}],"curies":[{"name":"wp","href":"https:\/\/api.w.org\/{rel}","templated":true}]}}