{"id":25431,"date":"2014-01-09T15:23:15","date_gmt":"2014-01-09T18:23:15","guid":{"rendered":"http:\/\/vocesdebaires.com.ar\/wordpress\/index.php\/2014\/01\/09\/vidal-vamos-a-resolver-los-problemas-de-la-provincia-2\/"},"modified":"2014-01-09T15:23:15","modified_gmt":"2014-01-09T18:23:15","slug":"vidal-vamos-a-resolver-los-problemas-de-la-provincia-2","status":"publish","type":"post","link":"https:\/\/vocesdebaires.com.ar\/index.php\/2014\/01\/09\/vidal-vamos-a-resolver-los-problemas-de-la-provincia-2\/","title":{"rendered":"Vidal: \u201cVamos a resolver los problemas de la provincia\u201d"},"content":{"rendered":"<p><span style=\"line-height: 1.3em;\">Con miras al 2015, la vicejefa de gobierno porte\u00f1o, Mar\u00eda Eugenia Vidal, adelant\u00f3 que acompa\u00f1ar\u00e1 a Mauricio Macri a recorrer la provincia de Buenos Aires. \u201cHay que escuchar a la gente. En el PRO tenemos equipos preparados para resolver los problemas de la provincia y en 2015 vamos a llevar al experiencia de gesti\u00f3n de la Ciudad\u201d, asegur\u00f3 Vidal.<\/span><\/p>\n","protected":false},"excerpt":{"rendered":"<p>Con miras al 2015, la vicejefa de gobierno porte\u00f1o, Mar\u00eda Eugenia Vidal, adelant\u00f3 que acompa\u00f1ar\u00e1 a Mauricio Macri a recorrer la provincia de Buenos Aires. \u201cHay que escuchar a la gente. En el PRO tenemos equipos preparados para resolver los problemas de la provincia y en 2015 vamos a llevar al experiencia de gesti\u00f3n de [&hellip;]<\/p>\n","protected":false},"author":2,"featured_media":14197,"comment_status":"open","ping_status":"open","sticky":false,"template":"","format":"standard","meta":{"_et_pb_use_builder":"","_et_pb_old_content":"","_et_gb_content_width":"","footnotes":""},"categories":[11,44],"tags":[],"class_list":["post-25431","post","type-post","status-publish","format-standard","has-post-thumbnail","hentry","category-ciudad","category-funcionarios-de-la-caba"],"_links":{"self":[{"href":"https:\/\/vocesdebaires.com.ar\/index.php\/wp-json\/wp\/v2\/posts\/25431"}],"collection":[{"href":"https:\/\/vocesdebaires.com.ar\/index.php\/wp-json\/wp\/v2\/posts"}],"about":[{"href":"https:\/\/vocesdebaires.com.ar\/index.php\/wp-json\/wp\/v2\/types\/post"}],"author":[{"embeddable":true,"href":"https:\/\/vocesdebaires.com.ar\/index.php\/wp-json\/wp\/v2\/users\/2"}],"replies":[{"embeddable":true,"href":"https:\/\/vocesdebaires.com.ar\/index.php\/wp-json\/wp\/v2\/comments?post=25431"}],"version-history":[{"count":0,"href":"https:\/\/vocesdebaires.com.ar\/index.php\/wp-json\/wp\/v2\/posts\/25431\/revisions"}],"wp:featuredmedia":[{"embeddable":true,"href":"https:\/\/vocesdebaires.com.ar\/index.php\/wp-json\/wp\/v2\/media\/14197"}],"wp:attachment":[{"href":"https:\/\/vocesdebaires.com.ar\/index.php\/wp-json\/wp\/v2\/media?parent=25431"}],"wp:term":[{"taxonomy":"category","embeddable":true,"href":"https:\/\/vocesdebaires.com.ar\/index.php\/wp-json\/wp\/v2\/categories?post=25431"},{"taxonomy":"post_tag","embeddable":true,"href":"https:\/\/vocesdebaires.com.ar\/index.php\/wp-json\/wp\/v2\/tags?post=25431"}],"curies":[{"name":"wp","href":"https:\/\/api.w.org\/{rel}","templated":true}]}}