{"id":25451,"date":"2014-01-13T18:45:16","date_gmt":"2014-01-13T21:45:16","guid":{"rendered":"http:\/\/vocesdebaires.com.ar\/wordpress\/index.php\/2014\/01\/13\/voy-a-jugar-en-las-paso-para-ser-jefe-de-gobierno-porteno-2\/"},"modified":"2014-01-13T18:45:16","modified_gmt":"2014-01-13T21:45:16","slug":"voy-a-jugar-en-las-paso-para-ser-jefe-de-gobierno-porteno-2","status":"publish","type":"post","link":"https:\/\/vocesdebaires.com.ar\/index.php\/2014\/01\/13\/voy-a-jugar-en-las-paso-para-ser-jefe-de-gobierno-porteno-2\/","title":{"rendered":"Voy a jugar en las PASO para ser jefe de Gobierno porte\u00f1o"},"content":{"rendered":"<p><span style=\"line-height: 1.3em;\">Cristian Ritondo se sum\u00f3 a Gabriela Michetti y Horacio Rodr\u00edguez Larreta en la carrera dentro del PRO por suceder a Mauricio Macri en la Ciudad. El vicepresidente de la Legislatura porte\u00f1a asegur\u00f3 que est\u00e1 \u201cdecidido\u201d a \u201cjugar\u201d en las pr\u00f3ximas Primarias Abiertas Simultaneas y Obligatorias para ganar su candidatura a Jefe de Gobierno.<\/span><\/p>\n<p><span style=\"line-height: 1.3em;\">\u201cNo tengo m\u00e1s reelecci\u00f3n en mi banca (como legislador porte\u00f1o) y antes de esto estuve cuatro a\u00f1os de diputado nacional. Son 12 a\u00f1os en lo parlamentario y creo que es hora de pasar a lo Ejecutivo. Adem\u00e1s Mauricio me dio la libertad para candidatearme si quer\u00eda\u201d, se\u00f1al\u00f3 en una entrevista con la agencia estatal T\u00e9lam desde la ciudad balnearia de Pinamar.<\/span><span style=\"line-height: 1.3em;\">\u201cYo voy a privilegiar el sur de la Ciudad, la urbanizaci\u00f3n de las villas y llevar la Polic\u00eda Metropolitana a todos los barrios\u201d, afirm\u00f3, esbozando sus primeras propuestas de campa\u00f1a. <\/span><span style=\"line-height: 1.3em;\">El legislador dijo que el Pro le da \u201cla libertad de poder jugar y que cada uno de los precandidatos vaya a las PASO, entendiendo que todos\u201d son \u201cun equipo y que el que mejor resultado obtenga acompa\u00f1e al resto\u201d. <\/span><span style=\"line-height: 1.3em;\">En ese sentido, aprovechando que la ley de PASO permite al que pierde ser vicejefe del que gana, Ritondo remarc\u00f3 que acompa\u00f1ar\u00eda a Michetti en el binomio, a pesar de su buena relaci\u00f3n con Rodr\u00edguez Larreta.<\/span><\/p>\n","protected":false},"excerpt":{"rendered":"<p>Cristian Ritondo se sum\u00f3 a Gabriela Michetti y Horacio Rodr\u00edguez Larreta en la carrera dentro del PRO por suceder a Mauricio Macri en la Ciudad. El vicepresidente de la Legislatura porte\u00f1a asegur\u00f3 que est\u00e1 \u201cdecidido\u201d a \u201cjugar\u201d en las pr\u00f3ximas Primarias Abiertas Simultaneas y Obligatorias para ganar su candidatura a Jefe de Gobierno. \u201cNo tengo [&hellip;]<\/p>\n","protected":false},"author":2,"featured_media":22093,"comment_status":"open","ping_status":"open","sticky":false,"template":"","format":"standard","meta":{"_et_pb_use_builder":"","_et_pb_old_content":"","_et_gb_content_width":"","footnotes":""},"categories":[11,44],"tags":[],"class_list":["post-25451","post","type-post","status-publish","format-standard","has-post-thumbnail","hentry","category-ciudad","category-funcionarios-de-la-caba"],"_links":{"self":[{"href":"https:\/\/vocesdebaires.com.ar\/index.php\/wp-json\/wp\/v2\/posts\/25451"}],"collection":[{"href":"https:\/\/vocesdebaires.com.ar\/index.php\/wp-json\/wp\/v2\/posts"}],"about":[{"href":"https:\/\/vocesdebaires.com.ar\/index.php\/wp-json\/wp\/v2\/types\/post"}],"author":[{"embeddable":true,"href":"https:\/\/vocesdebaires.com.ar\/index.php\/wp-json\/wp\/v2\/users\/2"}],"replies":[{"embeddable":true,"href":"https:\/\/vocesdebaires.com.ar\/index.php\/wp-json\/wp\/v2\/comments?post=25451"}],"version-history":[{"count":0,"href":"https:\/\/vocesdebaires.com.ar\/index.php\/wp-json\/wp\/v2\/posts\/25451\/revisions"}],"wp:featuredmedia":[{"embeddable":true,"href":"https:\/\/vocesdebaires.com.ar\/index.php\/wp-json\/wp\/v2\/media\/22093"}],"wp:attachment":[{"href":"https:\/\/vocesdebaires.com.ar\/index.php\/wp-json\/wp\/v2\/media?parent=25451"}],"wp:term":[{"taxonomy":"category","embeddable":true,"href":"https:\/\/vocesdebaires.com.ar\/index.php\/wp-json\/wp\/v2\/categories?post=25451"},{"taxonomy":"post_tag","embeddable":true,"href":"https:\/\/vocesdebaires.com.ar\/index.php\/wp-json\/wp\/v2\/tags?post=25451"}],"curies":[{"name":"wp","href":"https:\/\/api.w.org\/{rel}","templated":true}]}}