{"id":25496,"date":"2014-01-21T15:55:23","date_gmt":"2014-01-21T18:55:23","guid":{"rendered":"http:\/\/vocesdebaires.com.ar\/wordpress\/index.php\/2014\/01\/21\/vidal-la-ausencia-de-la-presidenta-genera-incertidumbre-2\/"},"modified":"2014-01-21T15:55:23","modified_gmt":"2014-01-21T18:55:23","slug":"vidal-la-ausencia-de-la-presidenta-genera-incertidumbre-2","status":"publish","type":"post","link":"https:\/\/vocesdebaires.com.ar\/index.php\/2014\/01\/21\/vidal-la-ausencia-de-la-presidenta-genera-incertidumbre-2\/","title":{"rendered":"Vidal: \u201cLa ausencia de la Presidenta genera incertidumbre\u201d"},"content":{"rendered":"<p><span style=\"line-height: 1.3em;\"> La vicejefa de gobierno de la ciudad, Mar\u00eda Eugenia Vidal, asegur\u00f3 esta ma\u00f1ana que la ausencia prolongada de la Presidenta Cristina Fern\u00e1ndez de Kirchner \u00abgenera incertidumbre\u00bb en todos los argentinos. \u00abDespu\u00e9s de 40 d\u00edas me parece que, en momentos dif\u00edciles como los que estamos viviendo, es importante que la Presidenta hable y aparezca,\u00bb remarc\u00f3 la funcionaria.<\/span><span style=\"line-height: 1.3em;\"> \u201cTodos los argentinos estamos preocupados. La Presidenta ten\u00eda una presencia muy activa y el hecho de que hayan pasado tantas semanas sin hablar genera incertidumbre\u201d, sostuvo Vidal en declaraciones period\u00edsticas a Radio Am\u00e9rica.<\/span><span style=\"line-height: 1.3em;\"> \u201cSer\u00eda bueno volver a escucharla. No s\u00e9 si todos los d\u00edas pero s\u00ed empezar a verla m\u00e1s activa al menos p\u00fablicamente\u201d, agreg\u00f3 la vicejefa.<\/span><\/p>\n<p><span style=\"line-height: 1.3em;\"> \u201cCuando las cosas no est\u00e1n bien justamente es cuando uno -especialmente si tiene responsabilidades de gobierno- m\u00e1s tiene que estar presente y dar la cara. Estar para la foto y para cortar la cinta de inauguraci\u00f3n es agradable y lindo para todos. Lo dif\u00edcil es estar en momentos cr\u00edticos. Y realmente la Argentina no est\u00e1 atravesando un buen momento\u201d, analiz\u00f3 la funcionaria.<\/span><span style=\"line-height: 1.3em;\"> \u201cTenemos niveles de inflaci\u00f3n muy altos; est\u00e1 por empezar a discutirse paritarias, con mucha incertidumbre por parte de los trabajadores sobre si las paritarias que se van a discutir van a alcanzar para sobreponerse a la inflaci\u00f3n. Tenemos un problema de inseguridad creciente agravado por el narcotr\u00e1fico. Todos estos problemas, que son los problemas que nos preocupan todos los d\u00edas, necesitan una respuesta y una presencia de la Presidenta\u201d, remarc\u00f3.<\/span><\/p>\n<p><span style=\"line-height: 1.3em;\"> \u201cNo se trata s\u00f3lo de estar presente en actos p\u00fablicos sino de ponerse al hombro y poder resolver estos problemas que son los problemas del ciudadano com\u00fan de todos los d\u00edas\u00bb, se\u00f1al\u00f3 Vidal. <\/span><span style=\"line-height: 1.3em;\"> \u00abUna cosa es aparecer todos los d\u00edas hablando de todos los temas y otra cosa es dar la cara en momentos dif\u00edciles\u00bb, diferenci\u00f3 la vicejefa. \u00abLa Argentina hace 40 d\u00edas que vive momentos muy dif\u00edciles. Venimos con un diciembre muy dif\u00edcil, con saqueos y cortes de luz. Y eso exige una respuesta. Una cosa es lo que sucede en la rutina y otra, en momentos dif\u00edciles. Y despu\u00e9s de 40 d\u00edas de momentos dif\u00edciles es importante que la Presidenta hable y aparezca,\u00bb concluy\u00f3 la vicejefa.<\/span><\/p>\n","protected":false},"excerpt":{"rendered":"<p>La vicejefa de gobierno de la ciudad, Mar\u00eda Eugenia Vidal, asegur\u00f3 esta ma\u00f1ana que la ausencia prolongada de la Presidenta Cristina Fern\u00e1ndez de Kirchner \u00abgenera incertidumbre\u00bb en todos los argentinos. \u00abDespu\u00e9s de 40 d\u00edas me parece que, en momentos dif\u00edciles como los que estamos viviendo, es importante que la Presidenta hable y aparezca,\u00bb remarc\u00f3 la [&hellip;]<\/p>\n","protected":false},"author":2,"featured_media":17432,"comment_status":"open","ping_status":"open","sticky":false,"template":"","format":"standard","meta":{"_et_pb_use_builder":"","_et_pb_old_content":"","_et_gb_content_width":"","footnotes":""},"categories":[11,44],"tags":[],"class_list":["post-25496","post","type-post","status-publish","format-standard","has-post-thumbnail","hentry","category-ciudad","category-funcionarios-de-la-caba"],"_links":{"self":[{"href":"https:\/\/vocesdebaires.com.ar\/index.php\/wp-json\/wp\/v2\/posts\/25496"}],"collection":[{"href":"https:\/\/vocesdebaires.com.ar\/index.php\/wp-json\/wp\/v2\/posts"}],"about":[{"href":"https:\/\/vocesdebaires.com.ar\/index.php\/wp-json\/wp\/v2\/types\/post"}],"author":[{"embeddable":true,"href":"https:\/\/vocesdebaires.com.ar\/index.php\/wp-json\/wp\/v2\/users\/2"}],"replies":[{"embeddable":true,"href":"https:\/\/vocesdebaires.com.ar\/index.php\/wp-json\/wp\/v2\/comments?post=25496"}],"version-history":[{"count":0,"href":"https:\/\/vocesdebaires.com.ar\/index.php\/wp-json\/wp\/v2\/posts\/25496\/revisions"}],"wp:featuredmedia":[{"embeddable":true,"href":"https:\/\/vocesdebaires.com.ar\/index.php\/wp-json\/wp\/v2\/media\/17432"}],"wp:attachment":[{"href":"https:\/\/vocesdebaires.com.ar\/index.php\/wp-json\/wp\/v2\/media?parent=25496"}],"wp:term":[{"taxonomy":"category","embeddable":true,"href":"https:\/\/vocesdebaires.com.ar\/index.php\/wp-json\/wp\/v2\/categories?post=25496"},{"taxonomy":"post_tag","embeddable":true,"href":"https:\/\/vocesdebaires.com.ar\/index.php\/wp-json\/wp\/v2\/tags?post=25496"}],"curies":[{"name":"wp","href":"https:\/\/api.w.org\/{rel}","templated":true}]}}