{"id":25506,"date":"2014-01-23T16:26:48","date_gmt":"2014-01-23T19:26:48","guid":{"rendered":"http:\/\/vocesdebaires.com.ar\/wordpress\/index.php\/2014\/01\/23\/en-2015-vamos-a-tener-un-pais-mas-confiable-2\/"},"modified":"2014-01-23T16:26:48","modified_gmt":"2014-01-23T19:26:48","slug":"en-2015-vamos-a-tener-un-pais-mas-confiable-2","status":"publish","type":"post","link":"https:\/\/vocesdebaires.com.ar\/index.php\/2014\/01\/23\/en-2015-vamos-a-tener-un-pais-mas-confiable-2\/","title":{"rendered":"En 2015 vamos a tener un pa\u00eds m\u00e1s confiable"},"content":{"rendered":"<p><span style=\"line-height: 1.3em;\">Por segunda vez en una misma semana, Mauricio Macri volvi\u00f3 a hacer referencia a su candidatura a presidente en 2015. El domingo hab\u00eda manifestado que, de ser electo, se acabar\u00eda la inflaci\u00f3n. Ahora, durante el Foro Econ\u00f3mico de Davos, convenci\u00f3n internacional que se realiza en Suiza, expres\u00f3: \u00abVamos a tener un pa\u00eds m\u00e1s confiable, con reglas de juego claras y abierto a las oportunidades globales\u00bb.<\/span><\/p>\n<p><span style=\"line-height: 1.3em;\">Y marc\u00f3 la era Kirchner como la principal causa del \u00abno progreso\u00bb de Argentina. \u00a0\u00abDentro de dos a\u00f1os (cuando termine el mandato de Cristina), el pa\u00eds se sumar\u00e1 a ola de crecimiento que atraviesa Am\u00e9rica latina\u00bb. Y destac\u00f3: \u00abTenemos una oportunidad hist\u00f3rica a partir del 2015, porque tenemos todas las condiciones para ser un pa\u00eds grande \u00ab.<\/span><span style=\"line-height: 1.3em;\">El jefe de Gobierno de la Ciudad de Buenos Aires apunta a convertir al pa\u00eds \u00aben un polo de atracci\u00f3n de inversiones y un centro de emprendedores en el que podr\u00e1n converger talentos locales y del mundo\u00bb, seg\u00fan dijo durante el congreso al que acuden 40 jefes de Estado, y m\u00e1s de 2500 invitados.<\/span><\/p>\n","protected":false},"excerpt":{"rendered":"<p>Por segunda vez en una misma semana, Mauricio Macri volvi\u00f3 a hacer referencia a su candidatura a presidente en 2015. El domingo hab\u00eda manifestado que, de ser electo, se acabar\u00eda la inflaci\u00f3n. Ahora, durante el Foro Econ\u00f3mico de Davos, convenci\u00f3n internacional que se realiza en Suiza, expres\u00f3: \u00abVamos a tener un pa\u00eds m\u00e1s confiable, con [&hellip;]<\/p>\n","protected":false},"author":2,"featured_media":22213,"comment_status":"open","ping_status":"open","sticky":false,"template":"","format":"standard","meta":{"_et_pb_use_builder":"","_et_pb_old_content":"","_et_gb_content_width":"","footnotes":""},"categories":[11,44],"tags":[],"class_list":["post-25506","post","type-post","status-publish","format-standard","has-post-thumbnail","hentry","category-ciudad","category-funcionarios-de-la-caba"],"_links":{"self":[{"href":"https:\/\/vocesdebaires.com.ar\/index.php\/wp-json\/wp\/v2\/posts\/25506"}],"collection":[{"href":"https:\/\/vocesdebaires.com.ar\/index.php\/wp-json\/wp\/v2\/posts"}],"about":[{"href":"https:\/\/vocesdebaires.com.ar\/index.php\/wp-json\/wp\/v2\/types\/post"}],"author":[{"embeddable":true,"href":"https:\/\/vocesdebaires.com.ar\/index.php\/wp-json\/wp\/v2\/users\/2"}],"replies":[{"embeddable":true,"href":"https:\/\/vocesdebaires.com.ar\/index.php\/wp-json\/wp\/v2\/comments?post=25506"}],"version-history":[{"count":0,"href":"https:\/\/vocesdebaires.com.ar\/index.php\/wp-json\/wp\/v2\/posts\/25506\/revisions"}],"wp:featuredmedia":[{"embeddable":true,"href":"https:\/\/vocesdebaires.com.ar\/index.php\/wp-json\/wp\/v2\/media\/22213"}],"wp:attachment":[{"href":"https:\/\/vocesdebaires.com.ar\/index.php\/wp-json\/wp\/v2\/media?parent=25506"}],"wp:term":[{"taxonomy":"category","embeddable":true,"href":"https:\/\/vocesdebaires.com.ar\/index.php\/wp-json\/wp\/v2\/categories?post=25506"},{"taxonomy":"post_tag","embeddable":true,"href":"https:\/\/vocesdebaires.com.ar\/index.php\/wp-json\/wp\/v2\/tags?post=25506"}],"curies":[{"name":"wp","href":"https:\/\/api.w.org\/{rel}","templated":true}]}}