{"id":25508,"date":"2014-01-23T16:45:23","date_gmt":"2014-01-23T19:45:23","guid":{"rendered":"http:\/\/vocesdebaires.com.ar\/wordpress\/index.php\/2014\/01\/23\/el-gobierno-nacional-firmara-un-acuerdo-con-la-ciudad-2\/"},"modified":"2014-01-23T16:45:23","modified_gmt":"2014-01-23T19:45:23","slug":"el-gobierno-nacional-firmara-un-acuerdo-con-la-ciudad-2","status":"publish","type":"post","link":"https:\/\/vocesdebaires.com.ar\/index.php\/2014\/01\/23\/el-gobierno-nacional-firmara-un-acuerdo-con-la-ciudad-2\/","title":{"rendered":"El Gobierno nacional firmar\u00e1 un acuerdo con la Ciudad"},"content":{"rendered":"<p><span style=\"line-height: 1.3em;\">El tema es cederle terrenos ferroviarios, con el fin de que la bajada de la autopista Illia sentido microcentro sea por la avenida Del Libertador y no s\u00f3lo sobre la 9 de Julio, como es actualmente.<\/span><span style=\"line-height: 1.3em;\">As\u00ed lo confirm\u00f3 el ministro del Interior y Transporte de la Naci\u00f3n, Florencio Randazzo, quien agreg\u00f3 que son \u201cdos bajadas que construir\u00eda la Ciudad de Buenos Aires sobre dos predios\u201d.<\/span><span style=\"line-height: 1.3em;\">En rigor, se trata de la construcci\u00f3n de dos nuevas v\u00edas de conexi\u00f3n de la Illia con la Ciudad, para sumar un acceso y una salida en avenida Del Libertador.<\/span><\/p>\n<p><span style=\"line-height: 1.3em;\">Uno de los accesos (el de ingreso) a la autopista conectar\u00e1 desde la v\u00eda r\u00e1pida de Del Libertador, en la calle Brigadier Quiroga; mientras que el segundo es de salida, desde el viaducto hacia esa misma arteria. \u201cLa presidenta Cristina Fern\u00e1ndez nos pidi\u00f3 que solucionemos inmediatamente que quienes vienen por la autopista Illia desde la zona norte no tengan que bajar en la 9 de Julio sino sobre la avenida Del Libertador\u201d, reconoci\u00f3 ayer Randazzo.<\/span><\/p>\n","protected":false},"excerpt":{"rendered":"<p>El tema es cederle terrenos ferroviarios, con el fin de que la bajada de la autopista Illia sentido microcentro sea por la avenida Del Libertador y no s\u00f3lo sobre la 9 de Julio, como es actualmente.As\u00ed lo confirm\u00f3 el ministro del Interior y Transporte de la Naci\u00f3n, Florencio Randazzo, quien agreg\u00f3 que son \u201cdos bajadas [&hellip;]<\/p>\n","protected":false},"author":2,"featured_media":22217,"comment_status":"open","ping_status":"open","sticky":false,"template":"","format":"standard","meta":{"_et_pb_use_builder":"","_et_pb_old_content":"","_et_gb_content_width":"","footnotes":""},"categories":[11,44],"tags":[],"class_list":["post-25508","post","type-post","status-publish","format-standard","has-post-thumbnail","hentry","category-ciudad","category-funcionarios-de-la-caba"],"_links":{"self":[{"href":"https:\/\/vocesdebaires.com.ar\/index.php\/wp-json\/wp\/v2\/posts\/25508"}],"collection":[{"href":"https:\/\/vocesdebaires.com.ar\/index.php\/wp-json\/wp\/v2\/posts"}],"about":[{"href":"https:\/\/vocesdebaires.com.ar\/index.php\/wp-json\/wp\/v2\/types\/post"}],"author":[{"embeddable":true,"href":"https:\/\/vocesdebaires.com.ar\/index.php\/wp-json\/wp\/v2\/users\/2"}],"replies":[{"embeddable":true,"href":"https:\/\/vocesdebaires.com.ar\/index.php\/wp-json\/wp\/v2\/comments?post=25508"}],"version-history":[{"count":0,"href":"https:\/\/vocesdebaires.com.ar\/index.php\/wp-json\/wp\/v2\/posts\/25508\/revisions"}],"wp:featuredmedia":[{"embeddable":true,"href":"https:\/\/vocesdebaires.com.ar\/index.php\/wp-json\/wp\/v2\/media\/22217"}],"wp:attachment":[{"href":"https:\/\/vocesdebaires.com.ar\/index.php\/wp-json\/wp\/v2\/media?parent=25508"}],"wp:term":[{"taxonomy":"category","embeddable":true,"href":"https:\/\/vocesdebaires.com.ar\/index.php\/wp-json\/wp\/v2\/categories?post=25508"},{"taxonomy":"post_tag","embeddable":true,"href":"https:\/\/vocesdebaires.com.ar\/index.php\/wp-json\/wp\/v2\/tags?post=25508"}],"curies":[{"name":"wp","href":"https:\/\/api.w.org\/{rel}","templated":true}]}}