{"id":25568,"date":"2014-02-05T13:41:27","date_gmt":"2014-02-05T16:41:27","guid":{"rendered":"http:\/\/vocesdebaires.com.ar\/wordpress\/index.php\/2014\/02\/05\/reubicaran-a-4-mil-alumnos-la-semana-proxima-2\/"},"modified":"2014-02-05T13:41:27","modified_gmt":"2014-02-05T16:41:27","slug":"reubicaran-a-4-mil-alumnos-la-semana-proxima-2","status":"publish","type":"post","link":"https:\/\/vocesdebaires.com.ar\/index.php\/2014\/02\/05\/reubicaran-a-4-mil-alumnos-la-semana-proxima-2\/","title":{"rendered":"Reubicar\u00e1n a 4 mil alumnos la semana pr\u00f3xima"},"content":{"rendered":"<p><span style=\"line-height: 1.3em;\">El ministro de Educaci\u00f3n porte\u00f1o, Esteban Bullrich, reconoci\u00f3 su error por los 7 mil chicos del nivel inicial que quedar\u00e1n sin vacantes en las escuelas p\u00fablicas de la Ciudad y asegur\u00f3 que el 14 de febrero habr\u00e1 soluci\u00f3n para unos 4 mil alumnos de los restantes niveles. Adem\u00e1s, dijo que su renuncia est\u00e1 a disposici\u00f3n Mauricio Macri, pero aclar\u00f3 que el mandatario comunal no le pidi\u00f3 que dejara el cargo: \u201cReconoc\u00ed el error y pido disculpas. Y obviamente Mauricio Macri tiene a disposici\u00f3n mi renuncia\u201d.<\/span><\/p>\n<p><span style=\"line-height: 1.3em;\">\u201cEl error lo cometimos porque le facilitamos el acceso a mucha m\u00e1s gente a la escuela estatal\u201d, justific\u00f3 el funcionario en declaraciones a radio Mitre. Bullrich admiti\u00f3 que los 9 mil ni\u00f1os de entre 0 y 3 a\u00f1os del nivel inicial que se quedaron sin vacantes en escuelas p\u00fablicas de la Ciudad deber\u00e1n inscribirse en instituciones privadas. \u201cEn la escuela estatal no hab\u00eda y no hay lugar, pese a que seguimos construyendo escuelas\u201d, confirm\u00f3. \u201cNos hab\u00edamos puesto el objetivo de cubrir el 100% de las vacantes de 0 a 3 a\u00f1os\u201d, dijo al reiterar que se cometieron \u201cerrores\u201d.<\/span><\/p>\n<p><span style=\"line-height: 1.3em;\">El Gobierno porte\u00f1o se comprometi\u00f3 hoy a solucionar a m\u00e1s tardar el 14 de febrero la situaci\u00f3n de unos 4 mil alumnos de los niveles primario y secundario sin escuela por un problema en el sistema de validaci\u00f3n de la inscripci\u00f3n online. \u201cLo m\u00e1s importante es que todos los ni\u00f1os de 4 y 5 a\u00f1os tienen la posibilidad de ir a una escuela estatal\u201d, explic\u00f3 Bullrich y asegur\u00f3 que ser\u00e1n relocalizados antes de esa fecha en escuelas que todav\u00eda tengan lugares disponibles.<\/span><span style=\"line-height: 1.3em;\">El ministro confirm\u00f3 que a pedido de los legisladores porte\u00f1os se publicar\u00e1 el listado con las escuelas que a\u00fan tienen vacantes para facilitar el tr\u00e1mite a las familias que todav\u00eda deben inscribirlos. \u201cArriba de los 4 a\u00f1os van a tener todos vacantes\u201d, garantiz\u00f3. El funcionario insisti\u00f3 en reconocer \u201clos errores que se cometieron en la inscripci\u00f3n online. Queda por corregir\u201d.<\/span><\/p>\n","protected":false},"excerpt":{"rendered":"<p>El ministro de Educaci\u00f3n porte\u00f1o, Esteban Bullrich, reconoci\u00f3 su error por los 7 mil chicos del nivel inicial que quedar\u00e1n sin vacantes en las escuelas p\u00fablicas de la Ciudad y asegur\u00f3 que el 14 de febrero habr\u00e1 soluci\u00f3n para unos 4 mil alumnos de los restantes niveles. Adem\u00e1s, dijo que su renuncia est\u00e1 a disposici\u00f3n [&hellip;]<\/p>\n","protected":false},"author":2,"featured_media":22330,"comment_status":"open","ping_status":"open","sticky":false,"template":"","format":"standard","meta":{"_et_pb_use_builder":"","_et_pb_old_content":"","_et_gb_content_width":"","footnotes":""},"categories":[11,44],"tags":[],"class_list":["post-25568","post","type-post","status-publish","format-standard","has-post-thumbnail","hentry","category-ciudad","category-funcionarios-de-la-caba"],"_links":{"self":[{"href":"https:\/\/vocesdebaires.com.ar\/index.php\/wp-json\/wp\/v2\/posts\/25568"}],"collection":[{"href":"https:\/\/vocesdebaires.com.ar\/index.php\/wp-json\/wp\/v2\/posts"}],"about":[{"href":"https:\/\/vocesdebaires.com.ar\/index.php\/wp-json\/wp\/v2\/types\/post"}],"author":[{"embeddable":true,"href":"https:\/\/vocesdebaires.com.ar\/index.php\/wp-json\/wp\/v2\/users\/2"}],"replies":[{"embeddable":true,"href":"https:\/\/vocesdebaires.com.ar\/index.php\/wp-json\/wp\/v2\/comments?post=25568"}],"version-history":[{"count":0,"href":"https:\/\/vocesdebaires.com.ar\/index.php\/wp-json\/wp\/v2\/posts\/25568\/revisions"}],"wp:featuredmedia":[{"embeddable":true,"href":"https:\/\/vocesdebaires.com.ar\/index.php\/wp-json\/wp\/v2\/media\/22330"}],"wp:attachment":[{"href":"https:\/\/vocesdebaires.com.ar\/index.php\/wp-json\/wp\/v2\/media?parent=25568"}],"wp:term":[{"taxonomy":"category","embeddable":true,"href":"https:\/\/vocesdebaires.com.ar\/index.php\/wp-json\/wp\/v2\/categories?post=25568"},{"taxonomy":"post_tag","embeddable":true,"href":"https:\/\/vocesdebaires.com.ar\/index.php\/wp-json\/wp\/v2\/tags?post=25568"}],"curies":[{"name":"wp","href":"https:\/\/api.w.org\/{rel}","templated":true}]}}