{"id":25570,"date":"2014-02-05T14:13:38","date_gmt":"2014-02-05T17:13:38","guid":{"rendered":"http:\/\/vocesdebaires.com.ar\/wordpress\/index.php\/2014\/02\/05\/el-macrismo-insistira-con-ley-que-prohiba-a-los-trapitos-2\/"},"modified":"2014-02-05T14:13:38","modified_gmt":"2014-02-05T17:13:38","slug":"el-macrismo-insistira-con-ley-que-prohiba-a-los-trapitos-2","status":"publish","type":"post","link":"https:\/\/vocesdebaires.com.ar\/index.php\/2014\/02\/05\/el-macrismo-insistira-con-ley-que-prohiba-a-los-trapitos-2\/","title":{"rendered":"El macrismo insistir\u00e1 con ley que proh\u00edba a los \u201ctrapitos\u201d"},"content":{"rendered":"<p><span style=\"line-height: 1.3em;\">El jefe de Gabinete porte\u00f1o, Horacio Rodr\u00edguez Larreta, lament\u00f3 la muerte de otro cuidacoches, ocurrido este fin de semana en el barrio de Villa Mitre, al tiempo que cuestion\u00f3: \u201c\u00bfCu\u00e1ntas muertes m\u00e1s tenemos que soportar para que se proh\u00edba la actividad de los trapitos en la Ciudad?\u201d. De esta manera, ratific\u00f3 la intenci\u00f3n del PRO de sancionar una ley que proh\u00edba la actividad, una legislaci\u00f3n que a\u00fan no logra el consenso en la Legislatura.<\/span><span style=\"line-height: 1.3em;\">\u201cEl a\u00f1o pasado sucedi\u00f3 lo mismo en Plaza Italia. Adem\u00e1s, esos incidentes se les suman a otros hechos de violencia provocados por mal llamado el control de la cuadra\u201d, record\u00f3 el dirigente porte\u00f1o. <\/span><\/p>\n<p><span style=\"line-height: 1.3em;\">\u201cEstas cosas no pueden seguir pasando\u201d, dijo Rodr\u00edguez Larreta y argument\u00f3: \u201cEnviamos nuevamente a la Legislatura el proyecto para modificar el C\u00f3digo Contravencional y una vez m\u00e1s fue rechazado por la oposici\u00f3n. Sabemos de los aprietes que sufren los vecinos por parte de los trapitos. Es por eso que no queremos reglamentar la actividad; queremos prohibirla para que todos puedan dejar tranquilo el auto en la calle sin temor a agresiones\u201d. <\/span><span style=\"line-height: 1.3em;\">Y concluy\u00f3: \u201cVamos a seguir insistiendo con esta ley porque la calle es de todos\u201d.<\/span><\/p>\n","protected":false},"excerpt":{"rendered":"<p>El jefe de Gabinete porte\u00f1o, Horacio Rodr\u00edguez Larreta, lament\u00f3 la muerte de otro cuidacoches, ocurrido este fin de semana en el barrio de Villa Mitre, al tiempo que cuestion\u00f3: \u201c\u00bfCu\u00e1ntas muertes m\u00e1s tenemos que soportar para que se proh\u00edba la actividad de los trapitos en la Ciudad?\u201d. De esta manera, ratific\u00f3 la intenci\u00f3n del PRO [&hellip;]<\/p>\n","protected":false},"author":2,"featured_media":22334,"comment_status":"open","ping_status":"open","sticky":false,"template":"","format":"standard","meta":{"_et_pb_use_builder":"","_et_pb_old_content":"","_et_gb_content_width":"","footnotes":""},"categories":[11,44],"tags":[],"class_list":["post-25570","post","type-post","status-publish","format-standard","has-post-thumbnail","hentry","category-ciudad","category-funcionarios-de-la-caba"],"_links":{"self":[{"href":"https:\/\/vocesdebaires.com.ar\/index.php\/wp-json\/wp\/v2\/posts\/25570"}],"collection":[{"href":"https:\/\/vocesdebaires.com.ar\/index.php\/wp-json\/wp\/v2\/posts"}],"about":[{"href":"https:\/\/vocesdebaires.com.ar\/index.php\/wp-json\/wp\/v2\/types\/post"}],"author":[{"embeddable":true,"href":"https:\/\/vocesdebaires.com.ar\/index.php\/wp-json\/wp\/v2\/users\/2"}],"replies":[{"embeddable":true,"href":"https:\/\/vocesdebaires.com.ar\/index.php\/wp-json\/wp\/v2\/comments?post=25570"}],"version-history":[{"count":0,"href":"https:\/\/vocesdebaires.com.ar\/index.php\/wp-json\/wp\/v2\/posts\/25570\/revisions"}],"wp:featuredmedia":[{"embeddable":true,"href":"https:\/\/vocesdebaires.com.ar\/index.php\/wp-json\/wp\/v2\/media\/22334"}],"wp:attachment":[{"href":"https:\/\/vocesdebaires.com.ar\/index.php\/wp-json\/wp\/v2\/media?parent=25570"}],"wp:term":[{"taxonomy":"category","embeddable":true,"href":"https:\/\/vocesdebaires.com.ar\/index.php\/wp-json\/wp\/v2\/categories?post=25570"},{"taxonomy":"post_tag","embeddable":true,"href":"https:\/\/vocesdebaires.com.ar\/index.php\/wp-json\/wp\/v2\/tags?post=25570"}],"curies":[{"name":"wp","href":"https:\/\/api.w.org\/{rel}","templated":true}]}}