{"id":25572,"date":"2014-02-06T13:45:56","date_gmt":"2014-02-06T16:45:56","guid":{"rendered":"http:\/\/vocesdebaires.com.ar\/wordpress\/index.php\/2014\/02\/06\/la-legislatura-expreso-su-pesar-por-las-victimas-de-barracas-2\/"},"modified":"2014-02-06T13:45:56","modified_gmt":"2014-02-06T16:45:56","slug":"la-legislatura-expreso-su-pesar-por-las-victimas-de-barracas-2","status":"publish","type":"post","link":"https:\/\/vocesdebaires.com.ar\/index.php\/2014\/02\/06\/la-legislatura-expreso-su-pesar-por-las-victimas-de-barracas-2\/","title":{"rendered":"La Legislatura expres\u00f3 su pesar por las v\u00edctimas de Barracas"},"content":{"rendered":"<p><span style=\"line-height: 1.3em;\">El vicepresidente 1\u00b0 de la Legislatura de la Ciudad Aut\u00f3noma de Buenos Aires, Cristian Ritondo, manifest\u00f3, en nombre del Parlamento porte\u00f1o, su profundo pesar por el fallecimiento de nueve personas \u00aben un acto heroico\u00bb, durante el incendio que tuvo lugar esta ma\u00f1ana en un dep\u00f3sito del barrio de Barracas.<\/span><\/p>\n<p><span style=\"line-height: 1.3em;\">El derrumbe de una pared durante el operativo, dej\u00f3 como saldo nueve v\u00edctimas entre las que se encontraban bomberos y rescatistas del gobierno porte\u00f1o.<\/span><span style=\"line-height: 1.3em;\">Asimismo, otras personas resultaron gravemente heridas, y fueron derivados a diferentes hospitales de zona, de los cuales seis a\u00fan contin\u00faan internados.<\/span><span style=\"line-height: 1.3em;\">En este sentido, el vicepresidente 1\u00b0 de la Legislatura expres\u00f3 su \u00abprofunda consternaci\u00f3n por tan tr\u00e1gico suceso\u00bb y destac\u00f3 \u00abel esfuerzo que realizaron miembros de los equipos de auxilio y emergencia de la Ciudad\u00bb.<\/span><\/p>\n","protected":false},"excerpt":{"rendered":"<p>El vicepresidente 1\u00b0 de la Legislatura de la Ciudad Aut\u00f3noma de Buenos Aires, Cristian Ritondo, manifest\u00f3, en nombre del Parlamento porte\u00f1o, su profundo pesar por el fallecimiento de nueve personas \u00aben un acto heroico\u00bb, durante el incendio que tuvo lugar esta ma\u00f1ana en un dep\u00f3sito del barrio de Barracas. El derrumbe de una pared durante [&hellip;]<\/p>\n","protected":false},"author":2,"featured_media":22338,"comment_status":"open","ping_status":"open","sticky":false,"template":"","format":"standard","meta":{"_et_pb_use_builder":"","_et_pb_old_content":"","_et_gb_content_width":"","footnotes":""},"categories":[11,44],"tags":[],"class_list":["post-25572","post","type-post","status-publish","format-standard","has-post-thumbnail","hentry","category-ciudad","category-funcionarios-de-la-caba"],"_links":{"self":[{"href":"https:\/\/vocesdebaires.com.ar\/index.php\/wp-json\/wp\/v2\/posts\/25572"}],"collection":[{"href":"https:\/\/vocesdebaires.com.ar\/index.php\/wp-json\/wp\/v2\/posts"}],"about":[{"href":"https:\/\/vocesdebaires.com.ar\/index.php\/wp-json\/wp\/v2\/types\/post"}],"author":[{"embeddable":true,"href":"https:\/\/vocesdebaires.com.ar\/index.php\/wp-json\/wp\/v2\/users\/2"}],"replies":[{"embeddable":true,"href":"https:\/\/vocesdebaires.com.ar\/index.php\/wp-json\/wp\/v2\/comments?post=25572"}],"version-history":[{"count":0,"href":"https:\/\/vocesdebaires.com.ar\/index.php\/wp-json\/wp\/v2\/posts\/25572\/revisions"}],"wp:featuredmedia":[{"embeddable":true,"href":"https:\/\/vocesdebaires.com.ar\/index.php\/wp-json\/wp\/v2\/media\/22338"}],"wp:attachment":[{"href":"https:\/\/vocesdebaires.com.ar\/index.php\/wp-json\/wp\/v2\/media?parent=25572"}],"wp:term":[{"taxonomy":"category","embeddable":true,"href":"https:\/\/vocesdebaires.com.ar\/index.php\/wp-json\/wp\/v2\/categories?post=25572"},{"taxonomy":"post_tag","embeddable":true,"href":"https:\/\/vocesdebaires.com.ar\/index.php\/wp-json\/wp\/v2\/tags?post=25572"}],"curies":[{"name":"wp","href":"https:\/\/api.w.org\/{rel}","templated":true}]}}