{"id":25574,"date":"2014-02-06T14:13:43","date_gmt":"2014-02-06T17:13:43","guid":{"rendered":"http:\/\/vocesdebaires.com.ar\/wordpress\/index.php\/2014\/02\/06\/barracas-vidal-lamento-la-perdida-de-9-vidas-2\/"},"modified":"2014-02-06T14:13:43","modified_gmt":"2014-02-06T17:13:43","slug":"barracas-vidal-lamento-la-perdida-de-9-vidas-2","status":"publish","type":"post","link":"https:\/\/vocesdebaires.com.ar\/index.php\/2014\/02\/06\/barracas-vidal-lamento-la-perdida-de-9-vidas-2\/","title":{"rendered":"Barracas: Vidal, lament\u00f3 la p\u00e9rdida de 9 vidas"},"content":{"rendered":"<p><span style=\"line-height: 1.3em;\">La vicejefa del gobierno porte\u00f1o, Mar\u00eda Eugenia Vidal, lament\u00f3 la p\u00e9rdida de 9 vidas en el tr\u00e1gico incendio ocurrido ayer en el barrio de Barracas y reconoci\u00f3 el trabajo de los equipos de emergencia que actuaron en el siniestro. \u201cSon gente que trabaja en la calle y ofrece su vida para salvar la de otros\u201d, destac\u00f3.<\/span><span style=\"line-height: 1.3em;\">En declaraciones a Telef\u00e9, la vicejefa sostuvo que el de ayer fue un incendio sin precedentes en la ciudad. \u201cNo hay antecedentes de tantos bomberos fallecidos en un hecho de estas caracter\u00edsticas. Hicieron bien su trabajo, hab\u00edan tomado las precauciones del caso\u201d, se\u00f1al\u00f3. \u201cEl derrumbe de la pared no les dio tiempo para protegerse. Todos vamos a estar tristes por un tiempo largo con esto que pas\u00f3\u201d, asegur\u00f3.<\/span><\/p>\n<p><span style=\"line-height: 1.3em;\">Vidal confirm\u00f3 que dos de las personas que fallecieron pertenec\u00edan al \u00e1rea de Defensa Civil del gobierno de la ciudad. \u201cIgualmente hoy a todos los que fallecieron los sentimos propios porque han dado la vida para defender los bienes de este incendio y evitar que el fuego se propague\u201d.<\/span><\/p>\n<p><span style=\"line-height: 1.3em;\">VISITA A HOSPITALES<\/span><\/p>\n<p><span style=\"line-height: 1.3em;\">Vidal estuvo hoy en el hospital Argerich, donde agradeci\u00f3 a los m\u00e9dicos por el trabajo realizado. En este hospital contin\u00faa internado un bombero que fue operado ayer, inform\u00f3 la vicejefa a trav\u00e9s de su cuenta de Twitter. <\/span><span style=\"line-height: 1.3em;\">Adem\u00e1s ayer en el Hospital Churruca, la vicejefa visit\u00f3 a los 4 heridos que permanecen internados. \u201cLos pron\u00f3sticos son esperanzadores. Los heridos van a poder seguir adelante y est\u00e1n siendo muy cuidados\u201d, indic\u00f3 la funcionaria. \u201cVamos a estar muy cerca de ellos y de sus familias. Y tambi\u00e9n de las personas que han perdido a sus seres m\u00e1s queridos. Vamos a seguir en el d\u00eda de hoy acompa\u00f1ando a los familiares que es lo \u00fanico que hoy podemos hacer en este momento tan duro\u201d, manifest\u00f3.<\/span><span style=\"line-height: 1.3em;\">La vicejefa reconoci\u00f3, a su vez, el trabajo mancomunado que realizan todos los equipos de emergencia cuando ocurre una tragedia en la ciudad. \u201cUno los ve siempre trabajando en la calle como si fueran un solo equipo\u201d, remarc\u00f3. \u201cQuiero destacar el trabajo que hizo el SAME, como siempre, con Alberto Crescenti, que permiti\u00f3 que el n\u00famero de muertos no fuera mayor\u201d.<\/span><\/p>\n","protected":false},"excerpt":{"rendered":"<p>La vicejefa del gobierno porte\u00f1o, Mar\u00eda Eugenia Vidal, lament\u00f3 la p\u00e9rdida de 9 vidas en el tr\u00e1gico incendio ocurrido ayer en el barrio de Barracas y reconoci\u00f3 el trabajo de los equipos de emergencia que actuaron en el siniestro. \u201cSon gente que trabaja en la calle y ofrece su vida para salvar la de otros\u201d, [&hellip;]<\/p>\n","protected":false},"author":2,"featured_media":22342,"comment_status":"open","ping_status":"open","sticky":false,"template":"","format":"standard","meta":{"_et_pb_use_builder":"","_et_pb_old_content":"","_et_gb_content_width":"","footnotes":""},"categories":[11,44],"tags":[],"class_list":["post-25574","post","type-post","status-publish","format-standard","has-post-thumbnail","hentry","category-ciudad","category-funcionarios-de-la-caba"],"_links":{"self":[{"href":"https:\/\/vocesdebaires.com.ar\/index.php\/wp-json\/wp\/v2\/posts\/25574"}],"collection":[{"href":"https:\/\/vocesdebaires.com.ar\/index.php\/wp-json\/wp\/v2\/posts"}],"about":[{"href":"https:\/\/vocesdebaires.com.ar\/index.php\/wp-json\/wp\/v2\/types\/post"}],"author":[{"embeddable":true,"href":"https:\/\/vocesdebaires.com.ar\/index.php\/wp-json\/wp\/v2\/users\/2"}],"replies":[{"embeddable":true,"href":"https:\/\/vocesdebaires.com.ar\/index.php\/wp-json\/wp\/v2\/comments?post=25574"}],"version-history":[{"count":0,"href":"https:\/\/vocesdebaires.com.ar\/index.php\/wp-json\/wp\/v2\/posts\/25574\/revisions"}],"wp:featuredmedia":[{"embeddable":true,"href":"https:\/\/vocesdebaires.com.ar\/index.php\/wp-json\/wp\/v2\/media\/22342"}],"wp:attachment":[{"href":"https:\/\/vocesdebaires.com.ar\/index.php\/wp-json\/wp\/v2\/media?parent=25574"}],"wp:term":[{"taxonomy":"category","embeddable":true,"href":"https:\/\/vocesdebaires.com.ar\/index.php\/wp-json\/wp\/v2\/categories?post=25574"},{"taxonomy":"post_tag","embeddable":true,"href":"https:\/\/vocesdebaires.com.ar\/index.php\/wp-json\/wp\/v2\/tags?post=25574"}],"curies":[{"name":"wp","href":"https:\/\/api.w.org\/{rel}","templated":true}]}}