{"id":25576,"date":"2014-02-06T14:35:07","date_gmt":"2014-02-06T17:35:07","guid":{"rendered":"http:\/\/vocesdebaires.com.ar\/wordpress\/index.php\/2014\/02\/06\/es-una-preocupacion-la-educacion-en-nuestro-pais-2\/"},"modified":"2014-02-06T14:35:07","modified_gmt":"2014-02-06T17:35:07","slug":"es-una-preocupacion-la-educacion-en-nuestro-pais-2","status":"publish","type":"post","link":"https:\/\/vocesdebaires.com.ar\/index.php\/2014\/02\/06\/es-una-preocupacion-la-educacion-en-nuestro-pais-2\/","title":{"rendered":"Es una preocupaci\u00f3n la Educaci\u00f3n en nuestro pa\u00eds"},"content":{"rendered":"<p><span style=\"line-height: 1.3em;\">Es realmente una preocupaci\u00f3n la Educaci\u00f3n en nuestro pa\u00eds. Lo es desde hace a\u00f1os. Por eso, cuando en 2007 asumi\u00f3 Mauricio Macri en la Ciudad de Buenos Aires, una de sus prioridades era revalorizar la educaci\u00f3n p\u00fablica y gratuita, y eso le encomend\u00f3 a su equipo. Despu\u00e9s de varios a\u00f1os de gesti\u00f3n, nadie puede negar que la Educaci\u00f3n P\u00fablica en la Ciudad ha mejorado considerablemente. Ingl\u00e9s desde primer grado, netbooks a cada alumno, internet, calefacci\u00f3n en todas las escuelas, 50 escuelas construidas, mas de 6000 cargos docentes nuevos y sobre todo di\u00e1logo con los gremios permanentemente para evitar paros que perjudicaran a los chicos, son algunos ejemplos que lo marcan.<\/span><\/p>\n<p><span style=\"line-height: 1.3em;\">Sin duda, mucho m\u00e1s queda por hacer, sin duda poco se hab\u00eda hecho en gestiones anteriores. Hoy hay un Ministro que habla con cada una de las familias atendiendo personalmente las dificultades, hoy hay un Ministro que reconoce que hubo errores, y en consecuencia, pide disculpas y trabaja incansablemente en b\u00fasqueda de soluciones y alternativas.<\/span><span style=\"line-height: 1.3em;\">Hay 9500 vacantes m\u00e1s en la escuela p\u00fablica desde que asumi\u00f3 el PRO en la Ciudad, creci\u00f3 la demanda un 20 % y eso significa que la gente volvi\u00f3 a creer en la educaci\u00f3n p\u00fablica y de calidad, y tambi\u00e9n significa que chicos del conurbano eligen estudiar en las escuelas de la Ciudad de la misma manera que la gente elige venir a nuestros hospitales.<\/span><span style=\"line-height: 1.3em;\">Es la CABA el \u00fanico distrito donde la matricula estatal est\u00e1 creciendo por tercer a\u00f1o consecutivo, crecimiento que no se dio en ninguna de las provincias Argentinas. Cabe recordar que el jard\u00edn es universal y no obligatorio, como s\u00ed lo es por ley a partir de los 5 a\u00f1os. Sin embargo somos el \u00fanico distrito que logr\u00f3 cobertura para ni\u00f1os de 4 a\u00f1os. Es necesario que quede bien claro que \u00a0ning\u00fan chico desde los 4 a\u00f1os en adelante quedar\u00e1 sin vacante.<\/span><\/p>\n<p><span style=\"line-height: 1.3em;\">Seg\u00fan el censo hay m\u00e1s de 600.000 ni\u00f1os de 3, 4 y 5 a\u00f1os sin vacante en el pa\u00eds y s\u00f3lo 1500 de 3 a\u00f1os son de Ciudad de Buenos Airess. Lamentablemente son algunos chicos de 0 a 3 a\u00f1os los que no van a tener vacante, pero tambi\u00e9n hay que decir que no la tuvieron nunca y que se est\u00e1 trabajando a futuro para poder cubrir a este grupo de chicos el a\u00f1o pr\u00f3ximo.<\/span><span style=\"line-height: 1.3em;\">A todos nos angustia esta situaci\u00f3n y por supuesto mucho mas al Ministro \u00a0Esteban Bulrrich, que ha demostrado siempre compromiso y responsabilidad en la gesti\u00f3n. Por ello, estoy convencida que se seguir\u00e1 trabajando para resolver los problemas y el pr\u00f3ximo a\u00f1o los chiquitos de 0 a 3 a\u00f1os tendr\u00e1 su vacante como hoy la tienen todos los alumnos de 4 a\u00f1os en adelante.<\/span><span style=\"line-height: 1.3em;\">Se est\u00e1n construyendo 14 escuelas mas este a\u00f1o con las cuales llegaremos a casi 50 escuelas inauguradas en la gesti\u00f3n del Ingeniero Mauricio Macri. Claramente esto demuestra lo que dec\u00eda al principio, el fuerte compromiso de enaltecer la escuela p\u00fablica, gratuita y de calidad.<\/span><\/p>\n","protected":false},"excerpt":{"rendered":"<p>Es realmente una preocupaci\u00f3n la Educaci\u00f3n en nuestro pa\u00eds. Lo es desde hace a\u00f1os. Por eso, cuando en 2007 asumi\u00f3 Mauricio Macri en la Ciudad de Buenos Aires, una de sus prioridades era revalorizar la educaci\u00f3n p\u00fablica y gratuita, y eso le encomend\u00f3 a su equipo. Despu\u00e9s de varios a\u00f1os de gesti\u00f3n, nadie puede negar [&hellip;]<\/p>\n","protected":false},"author":2,"featured_media":22346,"comment_status":"open","ping_status":"open","sticky":false,"template":"","format":"standard","meta":{"_et_pb_use_builder":"","_et_pb_old_content":"","_et_gb_content_width":"","footnotes":""},"categories":[11,44],"tags":[],"class_list":["post-25576","post","type-post","status-publish","format-standard","has-post-thumbnail","hentry","category-ciudad","category-funcionarios-de-la-caba"],"_links":{"self":[{"href":"https:\/\/vocesdebaires.com.ar\/index.php\/wp-json\/wp\/v2\/posts\/25576"}],"collection":[{"href":"https:\/\/vocesdebaires.com.ar\/index.php\/wp-json\/wp\/v2\/posts"}],"about":[{"href":"https:\/\/vocesdebaires.com.ar\/index.php\/wp-json\/wp\/v2\/types\/post"}],"author":[{"embeddable":true,"href":"https:\/\/vocesdebaires.com.ar\/index.php\/wp-json\/wp\/v2\/users\/2"}],"replies":[{"embeddable":true,"href":"https:\/\/vocesdebaires.com.ar\/index.php\/wp-json\/wp\/v2\/comments?post=25576"}],"version-history":[{"count":0,"href":"https:\/\/vocesdebaires.com.ar\/index.php\/wp-json\/wp\/v2\/posts\/25576\/revisions"}],"wp:featuredmedia":[{"embeddable":true,"href":"https:\/\/vocesdebaires.com.ar\/index.php\/wp-json\/wp\/v2\/media\/22346"}],"wp:attachment":[{"href":"https:\/\/vocesdebaires.com.ar\/index.php\/wp-json\/wp\/v2\/media?parent=25576"}],"wp:term":[{"taxonomy":"category","embeddable":true,"href":"https:\/\/vocesdebaires.com.ar\/index.php\/wp-json\/wp\/v2\/categories?post=25576"},{"taxonomy":"post_tag","embeddable":true,"href":"https:\/\/vocesdebaires.com.ar\/index.php\/wp-json\/wp\/v2\/tags?post=25576"}],"curies":[{"name":"wp","href":"https:\/\/api.w.org\/{rel}","templated":true}]}}