{"id":2558,"date":"2020-10-08T03:00:00","date_gmt":"2020-10-08T06:00:00","guid":{"rendered":"http:\/\/vocesdebaires.com.ar\/wordpress\/index.php\/2020\/10\/08\/tratara-la-legislatura-proyectos-urbanisticos\/"},"modified":"2020-10-08T03:00:00","modified_gmt":"2020-10-08T06:00:00","slug":"tratara-la-legislatura-proyectos-urbanisticos","status":"publish","type":"post","link":"https:\/\/vocesdebaires.com.ar\/index.php\/2020\/10\/08\/tratara-la-legislatura-proyectos-urbanisticos\/","title":{"rendered":"Tratar\u00e1 la Legislatura proyectos urban\u00edsticos"},"content":{"rendered":"<p>La Legislatura de la Ciudad Aut\u00f3noma de Buenos Aires sesionar\u00e1 hoy jueves (los legisladores porte\u00f1os fueron convocados para las 11:00) de forma presencial y remota para tratar un temario que fue definido ayer mi\u00e9rcoles en la reuni\u00f3n de Labor Parlamentaria, presidida por el legislador Agust\u00edn Forchieri (VJ).Uno de los temas principales es una iniciativa de la Jefatura de Gobierno, discutida y despachada por la Comisi\u00f3n de Planeamiento Urbano (que preside la Sra. legisladora\u00a0 Victoria Rold\u00e1n M\u00e9ndez\u00a0 VJ), con las definiciones paisaj\u00edsticas y urban\u00edsticas del Complejo Costa Salguero Punta Carrasco (tambi\u00e9n conocido como Distrito Joven Costanera Norte), que surgieron de un concurso de ideas. Tiene el prop\u00f3sito de embellecer, parquizar y revalorizar ese sector ribere\u00f1o para solaz y esparcimiento p\u00fablico junto a desarrollos privados.<\/p>\n<p>Otros tres proyectos que se considerar\u00e1n hoy, tambi\u00e9n con despachos de Planeamiento Urbano y de la Comisi\u00f3n de Presupuesto, Hacienda, Administraci\u00f3n Financiera y Pol\u00edtica Tributaria (preside legislador\u00a0 Claudio Romero\u00a0 VJ) refieren a convenios del Gobierno de la CABA con empresas y particulares para autorizar edificaciones de determinados predios ociosos, a cambio de la construcci\u00f3n de espacios p\u00fablicos para los vecinos y de compensaciones econ\u00f3micas que ser\u00e1n destinadas a los gastos de la emergencia sanitaria.<\/p>\n<p>Dichos convenios est\u00e1n vinculados a terrenos de la ex sastrer\u00eda militar del barrio de Palermo (en la zona conocida como Las Ca\u00f1itas); en el sector denominado Dique 4 de Puerto Madero, sobre tierras que antes eran del Ministerio de Defensa, y en el barrio Villa Crespo, lindero con las v\u00edas del Ferrocarril San Mart\u00edn. Hoy mi\u00e9rcoles, los legisladores porte\u00f1os tambi\u00e9n tienen previsto emitir una declaraci\u00f3n sobre la conmovedora muerte del polic\u00eda federal Juan Rold\u00e1n, acuchillado y asesinado en la v\u00eda p\u00fablica del barrio Palermo por un hombre deambulante. En el temario parlamentario tambi\u00e9n incluye tratar la ratificaci\u00f3n de otro DNU (el n\u00famero 15\/2020), dictado por el jefe de Gobierno, Horacio Rodr\u00edguez Larreta, en el contexto de las medidas para prevenir y atender la pandemia de Covid 19.<\/p>\n","protected":false},"excerpt":{"rendered":"<p>La Legislatura de la Ciudad Aut\u00f3noma de Buenos Aires sesionar\u00e1 hoy jueves (los legisladores porte\u00f1os fueron convocados para las 11:00) de forma presencial y remota para tratar un temario que fue definido ayer mi\u00e9rcoles en la reuni\u00f3n de Labor Parlamentaria, presidida por el legislador Agust\u00edn Forchieri (VJ).Uno de los temas principales es una iniciativa de [&hellip;]<\/p>\n","protected":false},"author":1,"featured_media":2559,"comment_status":"open","ping_status":"open","sticky":false,"template":"","format":"standard","meta":{"_et_pb_use_builder":"","_et_pb_old_content":"","_et_gb_content_width":"","footnotes":""},"categories":[11,33],"tags":[],"class_list":["post-2558","post","type-post","status-publish","format-standard","has-post-thumbnail","hentry","category-ciudad","category-sociedad-y-cultura-2"],"_links":{"self":[{"href":"https:\/\/vocesdebaires.com.ar\/index.php\/wp-json\/wp\/v2\/posts\/2558"}],"collection":[{"href":"https:\/\/vocesdebaires.com.ar\/index.php\/wp-json\/wp\/v2\/posts"}],"about":[{"href":"https:\/\/vocesdebaires.com.ar\/index.php\/wp-json\/wp\/v2\/types\/post"}],"author":[{"embeddable":true,"href":"https:\/\/vocesdebaires.com.ar\/index.php\/wp-json\/wp\/v2\/users\/1"}],"replies":[{"embeddable":true,"href":"https:\/\/vocesdebaires.com.ar\/index.php\/wp-json\/wp\/v2\/comments?post=2558"}],"version-history":[{"count":0,"href":"https:\/\/vocesdebaires.com.ar\/index.php\/wp-json\/wp\/v2\/posts\/2558\/revisions"}],"wp:featuredmedia":[{"embeddable":true,"href":"https:\/\/vocesdebaires.com.ar\/index.php\/wp-json\/wp\/v2\/media\/2559"}],"wp:attachment":[{"href":"https:\/\/vocesdebaires.com.ar\/index.php\/wp-json\/wp\/v2\/media?parent=2558"}],"wp:term":[{"taxonomy":"category","embeddable":true,"href":"https:\/\/vocesdebaires.com.ar\/index.php\/wp-json\/wp\/v2\/categories?post=2558"},{"taxonomy":"post_tag","embeddable":true,"href":"https:\/\/vocesdebaires.com.ar\/index.php\/wp-json\/wp\/v2\/tags?post=2558"}],"curies":[{"name":"wp","href":"https:\/\/api.w.org\/{rel}","templated":true}]}}